{"id":5038,"date":"2019-01-18T13:44:45","date_gmt":"2019-01-18T12:44:45","guid":{"rendered":"https:\/\/lyceemauriac.fr\/?p=5038"},"modified":"2019-01-18T13:44:45","modified_gmt":"2019-01-18T12:44:45","slug":"journee-portes-ouvertes-9-03-2019","status":"publish","type":"post","link":"https:\/\/lyceemauriac.fr\/index.php\/2019\/01\/18\/journee-portes-ouvertes-9-03-2019\/","title":{"rendered":"Journ\u00e9e PORTES OUVERTES 9\/03\/2019"},"content":{"rendered":"<p>La journ\u00e9e PORTES OUVERTES du lyc\u00e9e F. Mauriac se tiendra le samedi 9 mars 2019 de 9h \u00e0 13h.<\/p>\n","protected":false},"excerpt":{"rendered":"<p>La journ\u00e9e PORTES OUVERTES du lyc\u00e9e F. Mauriac se tiendra le samedi 9 mars 2019 de 9h \u00e0 13h.<\/p>\n","protected":false},"author":20,"featured_media":5039,"comment_status":"closed","ping_status":"open","sticky":false,"template":"","format":"standard","meta":{"footnotes":""},"categories":[2,39],"tags":[],"class_list":["post-5038","post","type-post","status-publish","format-standard","has-post-thumbnail","hentry","category-administration","category-zbandeau"],"_links":{"self":[{"href":"https:\/\/lyceemauriac.fr\/index.php\/wp-json\/wp\/v2\/posts\/5038","targetHints":{"allow":["GET"]}}],"collection":[{"href":"https:\/\/lyceemauriac.fr\/index.php\/wp-json\/wp\/v2\/posts"}],"about":[{"href":"https:\/\/lyceemauriac.fr\/index.php\/wp-json\/wp\/v2\/types\/post"}],"author":[{"embeddable":true,"href":"https:\/\/lyceemauriac.fr\/index.php\/wp-json\/wp\/v2\/users\/20"}],"replies":[{"embeddable":true,"href":"https:\/\/lyceemauriac.fr\/index.php\/wp-json\/wp\/v2\/comments?post=5038"}],"version-history":[{"count":1,"href":"https:\/\/lyceemauriac.fr\/index.php\/wp-json\/wp\/v2\/posts\/5038\/revisions"}],"predecessor-version":[{"id":5040,"href":"https:\/\/lyceemauriac.fr\/index.php\/wp-json\/wp\/v2\/posts\/5038\/revisions\/5040"}],"wp:featuredmedia":[{"embeddable":true,"href":"https:\/\/lyceemauriac.fr\/index.php\/wp-json\/wp\/v2\/media\/5039"}],"wp:attachment":[{"href":"https:\/\/lyceemauriac.fr\/index.php\/wp-json\/wp\/v2\/media?parent=5038"}],"wp:term":[{"taxonomy":"category","embeddable":true,"href":"https:\/\/lyceemauriac.fr\/index.php\/wp-json\/wp\/v2\/categories?post=5038"},{"taxonomy":"post_tag","embeddable":true,"href":"https:\/\/lyceemauriac.fr\/index.php\/wp-json\/wp\/v2\/tags?post=5038"}],"curies":[{"name":"wp","href":"https:\/\/api.w.org\/{rel}","templated":true}]}}