{"id":5197,"date":"2019-02-12T21:28:35","date_gmt":"2019-02-12T20:28:35","guid":{"rendered":"https:\/\/lyceemauriac.fr\/?p=5197"},"modified":"2019-02-15T11:06:23","modified_gmt":"2019-02-15T10:06:23","slug":"le-lycee-present-au-forum-des-formations-de-cenon","status":"publish","type":"post","link":"https:\/\/lyceemauriac.fr\/index.php\/2019\/02\/12\/le-lycee-present-au-forum-des-formations-de-cenon\/","title":{"rendered":"Le lyc\u00e9e pr\u00e9sent au forum des formations de Cenon"},"content":{"rendered":"<p>Ce mardi 12 f\u00e9vrier le lyc\u00e9e Fran\u00e7ois Mauriac participait au forum des formations de la rive droite, au gymnase de La Morlette \u00e0 Cenon.<br \/>\nNotre lyc\u00e9e se trouvait au c\u00f4t\u00e9 des LP Tr\u00e9gey (Bordeaux) et La Morlette (Cenon), Flora-Tristan (Camblanes), Jacques-Brel (Lormont), des LGT Elie-Faure et Les Iris (Lormont).<br \/>\nOnt d\u00e9fil\u00e9 au cours de la journ\u00e9e les coll\u00e9giens venus de 11 coll\u00e8ges du secteur (Fran\u00e7ois-Mauriac \u00e0 Sainte-Eulalie, L\u00e9onard-Lenoir \u00e0 Bordeaux, Georges-Lapierre \u00e0 Lormont, Georges-Rayet \u00e0 Floirac, Carbon-Blanc, Manon-Cormier \u00e0 Bassens, Fran\u00e7ois-Mitterrand \u00e0 Cr\u00e9on, Claude-Mass\u00e9 \u00e0 Ambar\u00e8s, Jean-Zay et Jean-Jaur\u00e8s \u00e0 Cenon, Montaigne \u00e0 Lormont) et de 3 classes de pr\u00e9pa pro des LP Jacques-Brel \u00e0 Lormont, La-Morlette \u00e0 Cenon et Tr\u00e9gey \u00e0 Bordeaux.<\/p>\n<p>Un tr\u00e8s grand merci aux \u00e9l\u00e8ves de la MDL qui ont accueilli avec talent et enthousiasme tous les coll\u00e9giens venus sur notre stand.<\/p>\n<p><a href=\"https:\/\/lyceemauriac.fr\/wp-content\/uploads\/2019\/02\/video-Journ\u00e9e-de-lorientation.avi\">video Journ\u00e9e de l&rsquo;orientation<\/a><\/p>\n","protected":false},"excerpt":{"rendered":"<p>Ce mardi 12 f\u00e9vrier le lyc\u00e9e Fran\u00e7ois Mauriac participait au forum des formations de la rive droite, au gymnase de La Morlette \u00e0 Cenon. Notre lyc\u00e9e se trouvait au c\u00f4t\u00e9 des LP Tr\u00e9gey (Bordeaux) et La Morlette (Cenon), Flora-Tristan (Camblanes), Jacques-Brel (Lormont), des LGT Elie-Faure et Les Iris (Lormont). Ont d\u00e9fil\u00e9 au cours de la [&hellip;]<\/p>\n","protected":false},"author":2,"featured_media":5198,"comment_status":"closed","ping_status":"open","sticky":false,"template":"","format":"standard","meta":{"footnotes":""},"categories":[18],"tags":[],"class_list":["post-5197","post","type-post","status-publish","format-standard","has-post-thumbnail","hentry","category-orientation"],"_links":{"self":[{"href":"https:\/\/lyceemauriac.fr\/index.php\/wp-json\/wp\/v2\/posts\/5197","targetHints":{"allow":["GET"]}}],"collection":[{"href":"https:\/\/lyceemauriac.fr\/index.php\/wp-json\/wp\/v2\/posts"}],"about":[{"href":"https:\/\/lyceemauriac.fr\/index.php\/wp-json\/wp\/v2\/types\/post"}],"author":[{"embeddable":true,"href":"https:\/\/lyceemauriac.fr\/index.php\/wp-json\/wp\/v2\/users\/2"}],"replies":[{"embeddable":true,"href":"https:\/\/lyceemauriac.fr\/index.php\/wp-json\/wp\/v2\/comments?post=5197"}],"version-history":[{"count":3,"href":"https:\/\/lyceemauriac.fr\/index.php\/wp-json\/wp\/v2\/posts\/5197\/revisions"}],"predecessor-version":[{"id":5219,"href":"https:\/\/lyceemauriac.fr\/index.php\/wp-json\/wp\/v2\/posts\/5197\/revisions\/5219"}],"wp:featuredmedia":[{"embeddable":true,"href":"https:\/\/lyceemauriac.fr\/index.php\/wp-json\/wp\/v2\/media\/5198"}],"wp:attachment":[{"href":"https:\/\/lyceemauriac.fr\/index.php\/wp-json\/wp\/v2\/media?parent=5197"}],"wp:term":[{"taxonomy":"category","embeddable":true,"href":"https:\/\/lyceemauriac.fr\/index.php\/wp-json\/wp\/v2\/categories?post=5197"},{"taxonomy":"post_tag","embeddable":true,"href":"https:\/\/lyceemauriac.fr\/index.php\/wp-json\/wp\/v2\/tags?post=5197"}],"curies":[{"name":"wp","href":"https:\/\/api.w.org\/{rel}","templated":true}]}}