{"id":5325,"date":"2019-03-14T12:13:58","date_gmt":"2019-03-14T11:13:58","guid":{"rendered":"https:\/\/lyceemauriac.fr\/?p=5325"},"modified":"2019-03-14T14:19:05","modified_gmt":"2019-03-14T13:19:05","slug":"championnats-departementaux-de-course-dorientation","status":"publish","type":"post","link":"https:\/\/lyceemauriac.fr\/index.php\/2019\/03\/14\/championnats-departementaux-de-course-dorientation\/","title":{"rendered":"Championnats D\u00e9partementaux de Course d&rsquo;Orientation"},"content":{"rendered":"<p>Le Lyc\u00e9e Mauriac \u00e9tait pr\u00e9sent aux championnats d\u00e9partementaux de course d&rsquo;orientation \u00e0 Carbon-Blanc. 3 \u00e9quipes mixtes ont concouru ce mercredi 13 mars. Au final, une \u00e9quipe termine 4\u00e8me et se qualifie pour les championnats acad\u00e9miques qui se d\u00e9rouleront \u00e0 la Taillade, \u00e0 Casteljaloux. Les 2 autres terminent respectivement 9\u00e8me et 12\u00e8me sur 17 \u00e9quipes pr\u00e9sentes.<\/p>\n<p>F\u00e9licitation \u00e0 Romain, Bryan, Ana, Antoine, Fany, Nathan, Maxime, Alex, Anais, Lucas, Tym\u00e9o, et Carla.<\/p>\n<p>&nbsp;<\/p>\n<p><img loading=\"lazy\" decoding=\"async\" class=\"wp-image-5330 size-large aligncenter\" src=\"https:\/\/lyceemauriac.fr\/wp-content\/uploads\/2019\/03\/20190313_135907-1024x576.jpg\" alt=\"\" width=\"640\" height=\"360\" srcset=\"https:\/\/lyceemauriac.fr\/wp-content\/uploads\/2019\/03\/20190313_135907-1024x576.jpg 1024w, https:\/\/lyceemauriac.fr\/wp-content\/uploads\/2019\/03\/20190313_135907-200x113.jpg 200w, https:\/\/lyceemauriac.fr\/wp-content\/uploads\/2019\/03\/20190313_135907-768x432.jpg 768w, https:\/\/lyceemauriac.fr\/wp-content\/uploads\/2019\/03\/20190313_135907-370x208.jpg 370w\" sizes=\"auto, (max-width: 640px) 100vw, 640px\" \/><img loading=\"lazy\" decoding=\"async\" class=\"wp-image-5329 size-large aligncenter\" src=\"https:\/\/lyceemauriac.fr\/wp-content\/uploads\/2019\/03\/20190313_135020-1024x576.jpg\" alt=\"\" width=\"640\" height=\"360\" srcset=\"https:\/\/lyceemauriac.fr\/wp-content\/uploads\/2019\/03\/20190313_135020-1024x576.jpg 1024w, https:\/\/lyceemauriac.fr\/wp-content\/uploads\/2019\/03\/20190313_135020-200x113.jpg 200w, https:\/\/lyceemauriac.fr\/wp-content\/uploads\/2019\/03\/20190313_135020-768x432.jpg 768w, https:\/\/lyceemauriac.fr\/wp-content\/uploads\/2019\/03\/20190313_135020-370x208.jpg 370w\" sizes=\"auto, (max-width: 640px) 100vw, 640px\" \/><img loading=\"lazy\" decoding=\"async\" class=\"wp-image-5328 size-large aligncenter\" src=\"https:\/\/lyceemauriac.fr\/wp-content\/uploads\/2019\/03\/20190313_133647-1024x576.jpg\" alt=\"\" width=\"640\" height=\"360\" srcset=\"https:\/\/lyceemauriac.fr\/wp-content\/uploads\/2019\/03\/20190313_133647-1024x576.jpg 1024w, https:\/\/lyceemauriac.fr\/wp-content\/uploads\/2019\/03\/20190313_133647-200x113.jpg 200w, https:\/\/lyceemauriac.fr\/wp-content\/uploads\/2019\/03\/20190313_133647-768x432.jpg 768w, https:\/\/lyceemauriac.fr\/wp-content\/uploads\/2019\/03\/20190313_133647-370x208.jpg 370w\" sizes=\"auto, (max-width: 640px) 100vw, 640px\" \/><img loading=\"lazy\" decoding=\"async\" class=\"wp-image-5326 size-large aligncenter\" src=\"https:\/\/lyceemauriac.fr\/wp-content\/uploads\/2019\/03\/20190313_104312-1024x768.jpg\" alt=\"\" width=\"640\" height=\"480\" srcset=\"https:\/\/lyceemauriac.fr\/wp-content\/uploads\/2019\/03\/20190313_104312-1024x768.jpg 1024w, https:\/\/lyceemauriac.fr\/wp-content\/uploads\/2019\/03\/20190313_104312-200x150.jpg 200w, https:\/\/lyceemauriac.fr\/wp-content\/uploads\/2019\/03\/20190313_104312-768x576.jpg 768w, https:\/\/lyceemauriac.fr\/wp-content\/uploads\/2019\/03\/20190313_104312-333x250.jpg 333w\" sizes=\"auto, (max-width: 640px) 100vw, 640px\" \/><\/p>\n","protected":false},"excerpt":{"rendered":"<p>Le Lyc\u00e9e Mauriac \u00e9tait pr\u00e9sent aux championnats d\u00e9partementaux de course d&rsquo;orientation \u00e0 Carbon-Blanc. 3 \u00e9quipes mixtes ont concouru ce mercredi 13 mars. Au final, une \u00e9quipe termine 4\u00e8me et se qualifie pour les championnats acad\u00e9miques qui se d\u00e9rouleront \u00e0 la Taillade, \u00e0 Casteljaloux. Les 2 autres terminent respectivement 9\u00e8me et 12\u00e8me sur 17 \u00e9quipes pr\u00e9sentes. [&hellip;]<\/p>\n","protected":false},"author":46,"featured_media":5327,"comment_status":"closed","ping_status":"open","sticky":false,"template":"","format":"standard","meta":{"footnotes":""},"categories":[23,39],"tags":[],"class_list":["post-5325","post","type-post","status-publish","format-standard","has-post-thumbnail","hentry","category-association_sportive","category-zbandeau"],"_links":{"self":[{"href":"https:\/\/lyceemauriac.fr\/index.php\/wp-json\/wp\/v2\/posts\/5325","targetHints":{"allow":["GET"]}}],"collection":[{"href":"https:\/\/lyceemauriac.fr\/index.php\/wp-json\/wp\/v2\/posts"}],"about":[{"href":"https:\/\/lyceemauriac.fr\/index.php\/wp-json\/wp\/v2\/types\/post"}],"author":[{"embeddable":true,"href":"https:\/\/lyceemauriac.fr\/index.php\/wp-json\/wp\/v2\/users\/46"}],"replies":[{"embeddable":true,"href":"https:\/\/lyceemauriac.fr\/index.php\/wp-json\/wp\/v2\/comments?post=5325"}],"version-history":[{"count":2,"href":"https:\/\/lyceemauriac.fr\/index.php\/wp-json\/wp\/v2\/posts\/5325\/revisions"}],"predecessor-version":[{"id":5332,"href":"https:\/\/lyceemauriac.fr\/index.php\/wp-json\/wp\/v2\/posts\/5325\/revisions\/5332"}],"wp:featuredmedia":[{"embeddable":true,"href":"https:\/\/lyceemauriac.fr\/index.php\/wp-json\/wp\/v2\/media\/5327"}],"wp:attachment":[{"href":"https:\/\/lyceemauriac.fr\/index.php\/wp-json\/wp\/v2\/media?parent=5325"}],"wp:term":[{"taxonomy":"category","embeddable":true,"href":"https:\/\/lyceemauriac.fr\/index.php\/wp-json\/wp\/v2\/categories?post=5325"},{"taxonomy":"post_tag","embeddable":true,"href":"https:\/\/lyceemauriac.fr\/index.php\/wp-json\/wp\/v2\/tags?post=5325"}],"curies":[{"name":"wp","href":"https:\/\/api.w.org\/{rel}","templated":true}]}}