{"id":5419,"date":"2019-04-12T08:19:34","date_gmt":"2019-04-12T06:19:34","guid":{"rendered":"https:\/\/lyceemauriac.fr\/?p=5419"},"modified":"2019-04-12T08:23:11","modified_gmt":"2019-04-12T06:23:11","slug":"les-213-au-printemps-de-la-mixite","status":"publish","type":"post","link":"https:\/\/lyceemauriac.fr\/index.php\/2019\/04\/12\/les-213-au-printemps-de-la-mixite\/","title":{"rendered":"Les 213 au Printemps de la Mixit\u00e9"},"content":{"rendered":"<p>Les \u00e9l\u00e8ves de 213 ont \u00e9t\u00e9 accueillis au campus de la Victoire par le \u00ab\u00a0coll\u00e8ge des sciences de l&rsquo;homme\u00a0\u00bb pour participer \u00e0 une journ\u00e9e sur la mixit\u00e9 \u00e0 la Facult\u00e9 de Bordeaux.<\/p>\n<p>Apr\u00e8s une pr\u00e9sentation des diff\u00e9rentes fili\u00e8res de cette universit\u00e9<img loading=\"lazy\" decoding=\"async\" class=\"alignleft wp-image-5420 size-medium\" src=\"https:\/\/lyceemauriac.fr\/wp-content\/uploads\/2019\/04\/IMG_3234-e1555049939782-200x150.jpg\" alt=\"\" width=\"200\" height=\"150\" srcset=\"https:\/\/lyceemauriac.fr\/wp-content\/uploads\/2019\/04\/IMG_3234-e1555049939782-200x150.jpg 200w, https:\/\/lyceemauriac.fr\/wp-content\/uploads\/2019\/04\/IMG_3234-e1555049939782-768x576.jpg 768w, https:\/\/lyceemauriac.fr\/wp-content\/uploads\/2019\/04\/IMG_3234-e1555049939782-1024x768.jpg 1024w, https:\/\/lyceemauriac.fr\/wp-content\/uploads\/2019\/04\/IMG_3234-e1555049939782-333x250.jpg 333w\" sizes=\"auto, (max-width: 200px) 100vw, 200px\" \/> et du pourcentage de filles et de gar\u00e7ons dans chacune des formations, ils ont particip\u00e9 \u00e0 un quiz sur les st\u00e9r\u00e9otypes. Pour finir la matin\u00e9e, ils ont \u00e9t\u00e9 encourag\u00e9s \u00e0 prendre des notes pendant un cours de psychologie en amphith\u00e9\u00e2tre .<\/p>\n<p>L&rsquo;apr\u00e8s midi, ils ont particip\u00e9 \u00e0 une s\u00e9ance de th\u00e9\u00e2tre forum avec la compagnie Oxo. Ils ont \u00e9t\u00e9 amen\u00e9s \u00e0 rejouer certaines sc\u00e8nes de la vie de lyc\u00e9ens en compagnie des acteurs. Johan et L\u00e9a ont ainsi pris part \u00e0 une sayn\u00e8te reprenant des propos sur l&rsquo;homophobie et le sexisme. D&rsquo;autres lyc\u00e9ens sont intervenus sur le racisme, le harc\u00e8lement, la violence. Les \u00e9l\u00e8ves sont ainsi pass\u00e9s de spectateurs \u00e0 acteurs et ont \u00e9t\u00e9 incit\u00e9s \u00e0 lutter contre l&rsquo;influence du groupe pour donner leur propre avis.<\/p>\n<p>&nbsp;<\/p>\n","protected":false},"excerpt":{"rendered":"<p>Les \u00e9l\u00e8ves de 213 ont \u00e9t\u00e9 accueillis au campus de la Victoire par le \u00ab\u00a0coll\u00e8ge des sciences de l&rsquo;homme\u00a0\u00bb pour participer \u00e0 une journ\u00e9e sur la mixit\u00e9 \u00e0 la Facult\u00e9 de Bordeaux. Apr\u00e8s une pr\u00e9sentation des diff\u00e9rentes fili\u00e8res de cette universit\u00e9 et du pourcentage de filles et de gar\u00e7ons dans chacune des formations, ils ont [&hellip;]<\/p>\n","protected":false},"author":10,"featured_media":5420,"comment_status":"closed","ping_status":"open","sticky":false,"template":"","format":"standard","meta":{"footnotes":""},"categories":[27,39],"tags":[],"class_list":["post-5419","post","type-post","status-publish","format-standard","has-post-thumbnail","hentry","category-pedagogie","category-zbandeau"],"_links":{"self":[{"href":"https:\/\/lyceemauriac.fr\/index.php\/wp-json\/wp\/v2\/posts\/5419","targetHints":{"allow":["GET"]}}],"collection":[{"href":"https:\/\/lyceemauriac.fr\/index.php\/wp-json\/wp\/v2\/posts"}],"about":[{"href":"https:\/\/lyceemauriac.fr\/index.php\/wp-json\/wp\/v2\/types\/post"}],"author":[{"embeddable":true,"href":"https:\/\/lyceemauriac.fr\/index.php\/wp-json\/wp\/v2\/users\/10"}],"replies":[{"embeddable":true,"href":"https:\/\/lyceemauriac.fr\/index.php\/wp-json\/wp\/v2\/comments?post=5419"}],"version-history":[{"count":3,"href":"https:\/\/lyceemauriac.fr\/index.php\/wp-json\/wp\/v2\/posts\/5419\/revisions"}],"predecessor-version":[{"id":5424,"href":"https:\/\/lyceemauriac.fr\/index.php\/wp-json\/wp\/v2\/posts\/5419\/revisions\/5424"}],"wp:featuredmedia":[{"embeddable":true,"href":"https:\/\/lyceemauriac.fr\/index.php\/wp-json\/wp\/v2\/media\/5420"}],"wp:attachment":[{"href":"https:\/\/lyceemauriac.fr\/index.php\/wp-json\/wp\/v2\/media?parent=5419"}],"wp:term":[{"taxonomy":"category","embeddable":true,"href":"https:\/\/lyceemauriac.fr\/index.php\/wp-json\/wp\/v2\/categories?post=5419"},{"taxonomy":"post_tag","embeddable":true,"href":"https:\/\/lyceemauriac.fr\/index.php\/wp-json\/wp\/v2\/tags?post=5419"}],"curies":[{"name":"wp","href":"https:\/\/api.w.org\/{rel}","templated":true}]}}