{"id":5432,"date":"2019-05-02T21:21:19","date_gmt":"2019-05-02T19:21:19","guid":{"rendered":"https:\/\/lyceemauriac.fr\/?p=5432"},"modified":"2019-05-02T21:21:19","modified_gmt":"2019-05-02T19:21:19","slug":"les-eleves-du-lycee-en-spectacle-au-palais-rohan-le-lundi-06-mai","status":"publish","type":"post","link":"https:\/\/lyceemauriac.fr\/index.php\/2019\/05\/02\/les-eleves-du-lycee-en-spectacle-au-palais-rohan-le-lundi-06-mai\/","title":{"rendered":"Les \u00e9l\u00e8ves du lyc\u00e9e en spectacle au Palais Rohan le lundi 06 mai"},"content":{"rendered":"<p>Souvenez-vous !<br \/>\nAu mois de mai 2018, nos \u00e9l\u00e8ves de 202 (promotion 2017-2018) accompagn\u00e9s de slameurs et danseurs du lyc\u00e9e, remportaient le <a href=\"https:\/\/lyceemauriac.fr\/index.php\/2018\/04\/08\/le-lycee-mauriac-gagne-le-concours-national-de-la-flamme-de-legalite\/\">1er prix<\/a> du prestigieux concours national \u00abLa flamme de l&rsquo;\u00c9galit\u00e9\u00bb.<\/p>\n<p>Ils avaient \u00e9t\u00e9 convi\u00e9s \u00e0 <a href=\"https:\/\/lyceemauriac.fr\/index.php\/2018\/05\/13\/revivez-la-remise-des-prix-du-concours-la-flamme-de-legalite\/\">Paris<\/a> pour recevoir leur troph\u00e9e des mains du Premier Ministre.<\/p>\n<p>Les honneurs continuent donc pour nos \u00e9l\u00e8ves et leurs enseignantes Mmes Pelissier et Brunel : la mairie de Bordeaux vient de les inviter \u00e0 rejouer leur spectacle lors de la c\u00e9r\u00e9monie officielle d&rsquo;ouverture de la semaine de la M\u00e9moire.<\/p>\n<p>Leur spectacle sera donn\u00e9 \u00e0 17h30 dans la salle du conseil municipal de l&rsquo;H\u00f4tel de Ville de Bordeaux. L&rsquo;entr\u00e9e est libre et gratuite.<\/p>\n<p>Tous les d\u00e9tails sont \u00e0 retrouver <a href=\"http:\/\/www.bordeaux.fr\/ebx\/agendaGeneral\/pgFicheEvt.psml?_nfpb=true&amp;_pageLabel=pgFicheEvt&amp;classofcontent=evenement&amp;id=174448\">ici<\/a>.<\/p>\n<p>En attendant, vous pouvez (re)appr\u00e9cier le travail remarquable de nos \u00e9l\u00e8ves :<\/p>\n<p>&nbsp;<\/p>\n<div style=\"width: 640px;\" class=\"wp-video\"><!--[if lt IE 9]><script>document.createElement('video');<\/script><![endif]-->\n<video class=\"wp-video-shortcode\" id=\"video-5432-1\" width=\"640\" height=\"360\" preload=\"metadata\" controls=\"controls\"><source type=\"video\/mp4\" src=\"http:\/\/lyceemauriac.fr\/video\/Flamme_egalite2.mp4?_=1\" \/><a href=\"http:\/\/lyceemauriac.fr\/video\/Flamme_egalite2.mp4\">http:\/\/lyceemauriac.fr\/video\/Flamme_egalite2.mp4<\/a><\/video><\/div>\n","protected":false},"excerpt":{"rendered":"<p>Souvenez-vous ! Au mois de mai 2018, nos \u00e9l\u00e8ves de 202 (promotion 2017-2018) accompagn\u00e9s de slameurs et danseurs du lyc\u00e9e, remportaient le 1er prix du prestigieux concours national \u00abLa flamme de l&rsquo;\u00c9galit\u00e9\u00bb. Ils avaient \u00e9t\u00e9 convi\u00e9s \u00e0 Paris pour recevoir leur troph\u00e9e des mains du Premier Ministre. Les honneurs continuent donc pour nos \u00e9l\u00e8ves et [&hellip;]<\/p>\n","protected":false},"author":2,"featured_media":5433,"comment_status":"closed","ping_status":"open","sticky":false,"template":"","format":"standard","meta":{"footnotes":""},"categories":[1],"tags":[],"class_list":["post-5432","post","type-post","status-publish","format-standard","has-post-thumbnail","hentry","category-non-classe"],"_links":{"self":[{"href":"https:\/\/lyceemauriac.fr\/index.php\/wp-json\/wp\/v2\/posts\/5432","targetHints":{"allow":["GET"]}}],"collection":[{"href":"https:\/\/lyceemauriac.fr\/index.php\/wp-json\/wp\/v2\/posts"}],"about":[{"href":"https:\/\/lyceemauriac.fr\/index.php\/wp-json\/wp\/v2\/types\/post"}],"author":[{"embeddable":true,"href":"https:\/\/lyceemauriac.fr\/index.php\/wp-json\/wp\/v2\/users\/2"}],"replies":[{"embeddable":true,"href":"https:\/\/lyceemauriac.fr\/index.php\/wp-json\/wp\/v2\/comments?post=5432"}],"version-history":[{"count":1,"href":"https:\/\/lyceemauriac.fr\/index.php\/wp-json\/wp\/v2\/posts\/5432\/revisions"}],"predecessor-version":[{"id":5434,"href":"https:\/\/lyceemauriac.fr\/index.php\/wp-json\/wp\/v2\/posts\/5432\/revisions\/5434"}],"wp:featuredmedia":[{"embeddable":true,"href":"https:\/\/lyceemauriac.fr\/index.php\/wp-json\/wp\/v2\/media\/5433"}],"wp:attachment":[{"href":"https:\/\/lyceemauriac.fr\/index.php\/wp-json\/wp\/v2\/media?parent=5432"}],"wp:term":[{"taxonomy":"category","embeddable":true,"href":"https:\/\/lyceemauriac.fr\/index.php\/wp-json\/wp\/v2\/categories?post=5432"},{"taxonomy":"post_tag","embeddable":true,"href":"https:\/\/lyceemauriac.fr\/index.php\/wp-json\/wp\/v2\/tags?post=5432"}],"curies":[{"name":"wp","href":"https:\/\/api.w.org\/{rel}","templated":true}]}}