{"id":5459,"date":"2019-05-09T08:45:37","date_gmt":"2019-05-09T06:45:37","guid":{"rendered":"https:\/\/lyceemauriac.fr\/?p=5459"},"modified":"2019-05-09T08:45:37","modified_gmt":"2019-05-09T06:45:37","slug":"operation-revise-ton-bac-a-la-bibliotheque","status":"publish","type":"post","link":"https:\/\/lyceemauriac.fr\/index.php\/2019\/05\/09\/operation-revise-ton-bac-a-la-bibliotheque\/","title":{"rendered":"Op\u00e9ration \u00ab\u00a0R\u00e9vise ton bac\u00a0\u00bb \u00e0 la biblioth\u00e8que"},"content":{"rendered":"<p>&nbsp;<\/p>\n<p><img loading=\"lazy\" decoding=\"async\" class=\"alignnone size-medium wp-image-5461\" src=\"https:\/\/lyceemauriac.fr\/wp-content\/uploads\/2019\/05\/Op\u00e9-r\u00e9vise-ton-bac-200x113.jpg\" alt=\"\" width=\"200\" height=\"113\" srcset=\"https:\/\/lyceemauriac.fr\/wp-content\/uploads\/2019\/05\/Op\u00e9-r\u00e9vise-ton-bac-200x113.jpg 200w, https:\/\/lyceemauriac.fr\/wp-content\/uploads\/2019\/05\/Op\u00e9-r\u00e9vise-ton-bac-370x208.jpg 370w, https:\/\/lyceemauriac.fr\/wp-content\/uploads\/2019\/05\/Op\u00e9-r\u00e9vise-ton-bac.jpg 640w\" sizes=\"auto, (max-width: 200px) 100vw, 200px\" \/><\/p>\n<p><a href=\"https:\/\/www.facebook.com\/events\/421831238593476\/\">https:\/\/www.facebook.com\/events\/421831238593476\/<\/a><\/p>\n<p>A partir du 14 mai, 6 biblioth\u00e8ques sont aux petits soins pour ta r\u00e9ussite aux examens !<\/p>\n<p>Biblioth\u00e8que universitaire des sciences de l&rsquo;homme (Bordeaux Victoire)<br \/>\n&#8211; horaires larges<br \/>\n&#8211; pr\u00eat de mat\u00e9riel (cl\u00e9s USB, calculatrices, casques audio)<br \/>\n&#8211; bouchons d&rsquo;oreilles \u00e0 volont\u00e9<\/p>\n<p>Biblioth\u00e8que universitaire des sciences et techniques (Talence)<br \/>\n&#8211; horaires larges<br \/>\n&#8211; pr\u00eat de mat\u00e9riel (cl\u00e9s USB, calculatrices, casques audio)<br \/>\n&#8211; bouchons d&rsquo;oreilles \u00e0 volont\u00e9<br \/>\n&#8211; salles de travail en groupe<\/p>\n<p>M\u00e9diath\u00e8que La Source, Le Bouscat<br \/>\n&#8211; horaires \u00e9largis (jusqu&rsquo;\u00e0 20h du mardi au vendredi)<br \/>\n&#8211; connexion wifi<br \/>\n&#8211; pr\u00eat de casques audio<br \/>\n&#8211; M\u00e9diascape pour le travail collaboratif<br \/>\n&#8211; jeux vid\u00e9o pour la d\u00e9tente<\/p>\n<p>Biblioth\u00e8que M\u00e9riadeck, Bordeaux<br \/>\n&#8211; ateliers de gestion du stress<br \/>\n&#8211; travail au calme ou en groupe<br \/>\n&#8211; annales du bac \u00e0 disposition<br \/>\n&#8211; jeux vid\u00e9o pour la d\u00e9tente<\/p>\n<p>Biblioth\u00e8que du Grand-Parc, Bordeaux<br \/>\n&#8211; ateliers de gestion du stress<br \/>\n&#8211; travail au calme ou en groupe<br \/>\n&#8211; annales du bac \u00e0 disposition<\/p>\n<p>Biblioth\u00e8que Flora Tristan, Bordeaux (\u00e0 partir du 8 juin)<br \/>\n&#8211; ateliers de gestion du stress<br \/>\n&#8211; travail au calme ou en groupe<br \/>\n&#8211; annales du bac \u00e0 disposition<br \/>\n&#8211; jeux vid\u00e9o pour la d\u00e9tente<\/p>\n","protected":false},"excerpt":{"rendered":"<p>&nbsp; https:\/\/www.facebook.com\/events\/421831238593476\/ A partir du 14 mai, 6 biblioth\u00e8ques sont aux petits soins pour ta r\u00e9ussite aux examens ! Biblioth\u00e8que universitaire des sciences de l&rsquo;homme (Bordeaux Victoire) &#8211; horaires larges &#8211; pr\u00eat de mat\u00e9riel (cl\u00e9s USB, calculatrices, casques audio) &#8211; bouchons d&rsquo;oreilles \u00e0 volont\u00e9 Biblioth\u00e8que universitaire des sciences et techniques (Talence) &#8211; horaires larges &#8211; [&hellip;]<\/p>\n","protected":false},"author":20,"featured_media":5460,"comment_status":"closed","ping_status":"open","sticky":false,"template":"","format":"standard","meta":{"footnotes":""},"categories":[2,39],"tags":[],"class_list":["post-5459","post","type-post","status-publish","format-standard","has-post-thumbnail","hentry","category-administration","category-zbandeau"],"_links":{"self":[{"href":"https:\/\/lyceemauriac.fr\/index.php\/wp-json\/wp\/v2\/posts\/5459","targetHints":{"allow":["GET"]}}],"collection":[{"href":"https:\/\/lyceemauriac.fr\/index.php\/wp-json\/wp\/v2\/posts"}],"about":[{"href":"https:\/\/lyceemauriac.fr\/index.php\/wp-json\/wp\/v2\/types\/post"}],"author":[{"embeddable":true,"href":"https:\/\/lyceemauriac.fr\/index.php\/wp-json\/wp\/v2\/users\/20"}],"replies":[{"embeddable":true,"href":"https:\/\/lyceemauriac.fr\/index.php\/wp-json\/wp\/v2\/comments?post=5459"}],"version-history":[{"count":1,"href":"https:\/\/lyceemauriac.fr\/index.php\/wp-json\/wp\/v2\/posts\/5459\/revisions"}],"predecessor-version":[{"id":5462,"href":"https:\/\/lyceemauriac.fr\/index.php\/wp-json\/wp\/v2\/posts\/5459\/revisions\/5462"}],"wp:featuredmedia":[{"embeddable":true,"href":"https:\/\/lyceemauriac.fr\/index.php\/wp-json\/wp\/v2\/media\/5460"}],"wp:attachment":[{"href":"https:\/\/lyceemauriac.fr\/index.php\/wp-json\/wp\/v2\/media?parent=5459"}],"wp:term":[{"taxonomy":"category","embeddable":true,"href":"https:\/\/lyceemauriac.fr\/index.php\/wp-json\/wp\/v2\/categories?post=5459"},{"taxonomy":"post_tag","embeddable":true,"href":"https:\/\/lyceemauriac.fr\/index.php\/wp-json\/wp\/v2\/tags?post=5459"}],"curies":[{"name":"wp","href":"https:\/\/api.w.org\/{rel}","templated":true}]}}