{"id":550,"date":"2017-01-06T11:42:03","date_gmt":"2017-01-06T10:42:03","guid":{"rendered":"https:\/\/lyceemauriac.fr\/?p=550"},"modified":"2017-01-21T14:00:38","modified_gmt":"2017-01-21T13:00:38","slug":"550","status":"publish","type":"post","link":"https:\/\/lyceemauriac.fr\/index.php\/2017\/01\/06\/550\/","title":{"rendered":"Portes ouvertes Universit\u00e9 de Bordeaux"},"content":{"rendered":"<p>Toutes les classes de terminales seront lib\u00e9r\u00e9es de cours le<span style=\"color: #3366ff;\"><strong> jeudi 19 janvier de 13h00 \u00e0 18h00<\/strong><span style=\"color: #000000;\">, afin que les \u00e9l\u00e8ves puissent se rendre aux portes ouvertes des facult\u00e9s et des \u00e9coles sup\u00e9rieures de Bordeaux.<\/span> <\/span><\/p>\n<p><a href=\"http:\/\/jechoisis.u-bordeaux.fr\/Agenda\/Journee-portes-ouvertes\" target=\"_blank\">http:\/\/jechoisis.u-bordeaux.fr\/Agenda\/Journee-portes-ouvertes<\/a><\/p>\n","protected":false},"excerpt":{"rendered":"<p>Toutes les classes de terminales seront lib\u00e9r\u00e9es de cours le jeudi 19 janvier de 13h00 \u00e0 18h00, afin que les \u00e9l\u00e8ves puissent se rendre aux portes ouvertes des facult\u00e9s et des \u00e9coles sup\u00e9rieures de Bordeaux. http:\/\/jechoisis.u-bordeaux.fr\/Agenda\/Journee-portes-ouvertes<\/p>\n","protected":false},"author":20,"featured_media":553,"comment_status":"closed","ping_status":"open","sticky":false,"template":"","format":"standard","meta":{"footnotes":""},"categories":[2,18],"tags":[],"class_list":["post-550","post","type-post","status-publish","format-standard","has-post-thumbnail","hentry","category-administration","category-orientation"],"_links":{"self":[{"href":"https:\/\/lyceemauriac.fr\/index.php\/wp-json\/wp\/v2\/posts\/550","targetHints":{"allow":["GET"]}}],"collection":[{"href":"https:\/\/lyceemauriac.fr\/index.php\/wp-json\/wp\/v2\/posts"}],"about":[{"href":"https:\/\/lyceemauriac.fr\/index.php\/wp-json\/wp\/v2\/types\/post"}],"author":[{"embeddable":true,"href":"https:\/\/lyceemauriac.fr\/index.php\/wp-json\/wp\/v2\/users\/20"}],"replies":[{"embeddable":true,"href":"https:\/\/lyceemauriac.fr\/index.php\/wp-json\/wp\/v2\/comments?post=550"}],"version-history":[{"count":5,"href":"https:\/\/lyceemauriac.fr\/index.php\/wp-json\/wp\/v2\/posts\/550\/revisions"}],"predecessor-version":[{"id":613,"href":"https:\/\/lyceemauriac.fr\/index.php\/wp-json\/wp\/v2\/posts\/550\/revisions\/613"}],"wp:featuredmedia":[{"embeddable":true,"href":"https:\/\/lyceemauriac.fr\/index.php\/wp-json\/wp\/v2\/media\/553"}],"wp:attachment":[{"href":"https:\/\/lyceemauriac.fr\/index.php\/wp-json\/wp\/v2\/media?parent=550"}],"wp:term":[{"taxonomy":"category","embeddable":true,"href":"https:\/\/lyceemauriac.fr\/index.php\/wp-json\/wp\/v2\/categories?post=550"},{"taxonomy":"post_tag","embeddable":true,"href":"https:\/\/lyceemauriac.fr\/index.php\/wp-json\/wp\/v2\/tags?post=550"}],"curies":[{"name":"wp","href":"https:\/\/api.w.org\/{rel}","templated":true}]}}