{"id":5541,"date":"2019-05-16T22:23:12","date_gmt":"2019-05-16T20:23:12","guid":{"rendered":"https:\/\/lyceemauriac.fr\/?p=5541"},"modified":"2019-05-16T22:24:59","modified_gmt":"2019-05-16T20:24:59","slug":"finale-en-beaute-pour-le-bad-a-deux","status":"publish","type":"post","link":"https:\/\/lyceemauriac.fr\/index.php\/2019\/05\/16\/finale-en-beaute-pour-le-bad-a-deux\/","title":{"rendered":"Finale en beaut\u00e9 pour le Bad \u00e0 deux"},"content":{"rendered":"<p>Nos \u00e9quipes de badminton ont repr\u00e9sent\u00e9 avec succ\u00e8s le lyc\u00e9e Mauriac lors de la finale d\u00e9partementale de Bad \u00e0 deux cat\u00e9gorie mixte. Gwladys et Matt montent sur la premi\u00e8re marche du podium, tandis que Juliette et Pierre terminent troisi\u00e8me.<\/p>\n<p>La troisi\u00e8me \u00e9quipe compos\u00e9e de Louise et Chris avaient aussi particip\u00e9 au tournoi lors de la premi\u00e8re journ\u00e9e.<\/p>\n","protected":false},"excerpt":{"rendered":"<p>Nos \u00e9quipes de badminton ont repr\u00e9sent\u00e9 avec succ\u00e8s le lyc\u00e9e Mauriac lors de la finale d\u00e9partementale de Bad \u00e0 deux cat\u00e9gorie mixte. Gwladys et Matt montent sur la premi\u00e8re marche du podium, tandis que Juliette et Pierre terminent troisi\u00e8me. La troisi\u00e8me \u00e9quipe compos\u00e9e de Louise et Chris avaient aussi particip\u00e9 au tournoi lors de la [&hellip;]<\/p>\n","protected":false},"author":10,"featured_media":5542,"comment_status":"closed","ping_status":"open","sticky":false,"template":"","format":"standard","meta":{"footnotes":""},"categories":[23,39],"tags":[],"class_list":["post-5541","post","type-post","status-publish","format-standard","has-post-thumbnail","hentry","category-association_sportive","category-zbandeau"],"_links":{"self":[{"href":"https:\/\/lyceemauriac.fr\/index.php\/wp-json\/wp\/v2\/posts\/5541","targetHints":{"allow":["GET"]}}],"collection":[{"href":"https:\/\/lyceemauriac.fr\/index.php\/wp-json\/wp\/v2\/posts"}],"about":[{"href":"https:\/\/lyceemauriac.fr\/index.php\/wp-json\/wp\/v2\/types\/post"}],"author":[{"embeddable":true,"href":"https:\/\/lyceemauriac.fr\/index.php\/wp-json\/wp\/v2\/users\/10"}],"replies":[{"embeddable":true,"href":"https:\/\/lyceemauriac.fr\/index.php\/wp-json\/wp\/v2\/comments?post=5541"}],"version-history":[{"count":2,"href":"https:\/\/lyceemauriac.fr\/index.php\/wp-json\/wp\/v2\/posts\/5541\/revisions"}],"predecessor-version":[{"id":5544,"href":"https:\/\/lyceemauriac.fr\/index.php\/wp-json\/wp\/v2\/posts\/5541\/revisions\/5544"}],"wp:featuredmedia":[{"embeddable":true,"href":"https:\/\/lyceemauriac.fr\/index.php\/wp-json\/wp\/v2\/media\/5542"}],"wp:attachment":[{"href":"https:\/\/lyceemauriac.fr\/index.php\/wp-json\/wp\/v2\/media?parent=5541"}],"wp:term":[{"taxonomy":"category","embeddable":true,"href":"https:\/\/lyceemauriac.fr\/index.php\/wp-json\/wp\/v2\/categories?post=5541"},{"taxonomy":"post_tag","embeddable":true,"href":"https:\/\/lyceemauriac.fr\/index.php\/wp-json\/wp\/v2\/tags?post=5541"}],"curies":[{"name":"wp","href":"https:\/\/api.w.org\/{rel}","templated":true}]}}