{"id":5549,"date":"2019-05-22T13:47:06","date_gmt":"2019-05-22T11:47:06","guid":{"rendered":"https:\/\/lyceemauriac.fr\/?p=5549"},"modified":"2019-05-22T13:47:06","modified_gmt":"2019-05-22T11:47:06","slug":"le-nouveau-festival","status":"publish","type":"post","link":"https:\/\/lyceemauriac.fr\/index.php\/2019\/05\/22\/le-nouveau-festival\/","title":{"rendered":"LE NOUVEAU FESTIVAL :"},"content":{"rendered":"<p>Bonjour, bonsoir, ch\u00e8res lectrices, chers lecteurs.<\/p>\n<p>Avez-vous pass\u00e9 une bonne journ\u00e9e ?<\/p>\n<p>&nbsp;<\/p>\n<p>Je vais vous raconter l&rsquo;histoire de nos petits artistes du lyc\u00e9e :<\/p>\n<p>Jeudi 16 mai et vendredi 17 mai dernier, nos lyc\u00e9ens et lyc\u00e9ennes bourr\u00e9s.e. de talent sont all\u00e9.es au Nouveau Festival au Rocher de Palmer, afin de slamer, chanter, montrer leurs peintures et leurs films.<\/p>\n<p>Mais, savez-vous ce qu&rsquo;est que le Nouveau Festival ? C&rsquo;est simple, c&rsquo;est un grand festival qui r\u00e9unit plein de lyc\u00e9es de toute l&rsquo;Aquitaine, chaque personne a un talent particulier et un projet particulier, elle est l\u00e0 pour faire partager sa passion. Les th\u00e8mes \u00e9taient vari\u00e9s, comme la science pour nous en faire d\u00e9couvrir plus sur l&rsquo;intelligence artificielle gr\u00e2ce aux 2nd1.<\/p>\n<p>Ce jeudi, d\u00e8s le matin nous avons eu Lylia qui nous a chant\u00e9 ses chansons avec c\u0153ur et a enflamm\u00e9 celui des spectateurs pour notre plus grand plaisir. Nos lyc\u00e9ens.nes ont eu du temps libre pour d\u00e9couvrir le reste des projets, et \u00e9couter les groupes de musiques dans les diff\u00e9rentes salles du Rocher. Ensuite en fin d&rsquo;apr\u00e8s-midi \u00e0 la suite du super court m\u00e9trage des 2nd6: <em>Entres Deux Rives<\/em>, nous avons eu Camille qui nous a fait de magnifiques covers et qui elle aussi a enflamm\u00e9 la sc\u00e8ne de sa douce voix. Et ce jour s&rsquo;est cl\u00f4tur\u00e9 avec notre groupe de slam, ils \u00e9taient dans le salon de musique. Toujours le sourire aux l\u00e8vres notre Ever nationale a anim\u00e9 le show avec son enthousiasme sans faille. Nos slameurs ont d\u00e9clam\u00e9 leurs textes devant un public attentif et venu en nombre, surtout ils se sont \u00e9clat\u00e9s comme des petits fous! La journ\u00e9e s&rsquo;est finie \u00e0 19h dans un grand enthousiasme \u00e0 l&rsquo;id\u00e9e que vendredi tout recommence!<\/p>\n<p>D\u00e8s 9h30 le lendemain, nous avons eu droit \u00e0 un concert des Mauvaises Langues, avec leur c\u00e9l\u00e8bre cover de Crazy in love. Elles ont r\u00e9veill\u00e9 la grande salle du Rocher de Palmer avec leur voix enchanteresses. On a ensuite vu le court m\u00e9trage Lilas et Salma, qui \u00e9tait une improvisation de danse sur la chanson <em>Flou<\/em> de Ang\u00e8le, puis celui de L\u00e9o et Louise sur des \u00e9l\u00e8ves qui s&rsquo;endorment en cours. On cl\u00f4ture cette journ\u00e9e et le festival par ailleurs, par un tournoi de slam entre nos champions et des volontaires. On a pu d\u00e9couvrir des slameurs de toute l&rsquo;Aquitaine tous plus talentueux les uns que les autres. Et c&rsquo;est ainsi que le nouveau festival se termine \u00e0 15h dans la joie et la t\u00eate remplie de bons souvenirs et de rires.<\/p>\n<p><img loading=\"lazy\" decoding=\"async\" class=\"alignnone wp-image-5551\" src=\"https:\/\/lyceemauriac.fr\/wp-content\/uploads\/2019\/05\/D6rWmqOXsAEvLY3-1024x576.jpg\" alt=\"\" width=\"345\" height=\"194\" srcset=\"https:\/\/lyceemauriac.fr\/wp-content\/uploads\/2019\/05\/D6rWmqOXsAEvLY3-1024x576.jpg 1024w, https:\/\/lyceemauriac.fr\/wp-content\/uploads\/2019\/05\/D6rWmqOXsAEvLY3-200x113.jpg 200w, https:\/\/lyceemauriac.fr\/wp-content\/uploads\/2019\/05\/D6rWmqOXsAEvLY3-768x432.jpg 768w, https:\/\/lyceemauriac.fr\/wp-content\/uploads\/2019\/05\/D6rWmqOXsAEvLY3-370x208.jpg 370w, https:\/\/lyceemauriac.fr\/wp-content\/uploads\/2019\/05\/D6rWmqOXsAEvLY3.jpg 1200w\" sizes=\"auto, (max-width: 345px) 100vw, 345px\" \/><\/p>\n<p>La classe des 2nd1, qui pr\u00e9sente leur projet sur l&rsquo;intelligence artificiel.<\/p>\n<p>&nbsp;<\/p>\n<figure id=\"attachment_5550\" aria-describedby=\"caption-attachment-5550\" style=\"width: 246px\" class=\"wp-caption alignnone\"><img loading=\"lazy\" decoding=\"async\" class=\" wp-image-5550\" src=\"https:\/\/lyceemauriac.fr\/wp-content\/uploads\/2019\/05\/flore-slam-768x1024.jpg\" alt=\"\" width=\"246\" height=\"328\" srcset=\"https:\/\/lyceemauriac.fr\/wp-content\/uploads\/2019\/05\/flore-slam-768x1024.jpg 768w, https:\/\/lyceemauriac.fr\/wp-content\/uploads\/2019\/05\/flore-slam-150x200.jpg 150w, https:\/\/lyceemauriac.fr\/wp-content\/uploads\/2019\/05\/flore-slam-188x250.jpg 188w\" sizes=\"auto, (max-width: 246px) 100vw, 246px\" \/><figcaption id=\"caption-attachment-5550\" class=\"wp-caption-text\">Voici notre belle Flore slamant.<\/figcaption><\/figure>\n<p>&nbsp;<\/p>\n<figure id=\"attachment_5552\" aria-describedby=\"caption-attachment-5552\" style=\"width: 322px\" class=\"wp-caption alignnone\"><img loading=\"lazy\" decoding=\"async\" class=\" wp-image-5552\" src=\"https:\/\/lyceemauriac.fr\/wp-content\/uploads\/2019\/05\/jasmine-1024x768.jpg\" alt=\"\" width=\"322\" height=\"241\" srcset=\"https:\/\/lyceemauriac.fr\/wp-content\/uploads\/2019\/05\/jasmine-1024x768.jpg 1024w, https:\/\/lyceemauriac.fr\/wp-content\/uploads\/2019\/05\/jasmine-200x150.jpg 200w, https:\/\/lyceemauriac.fr\/wp-content\/uploads\/2019\/05\/jasmine-768x576.jpg 768w, https:\/\/lyceemauriac.fr\/wp-content\/uploads\/2019\/05\/jasmine-333x250.jpg 333w\" sizes=\"auto, (max-width: 322px) 100vw, 322px\" \/><figcaption id=\"caption-attachment-5552\" class=\"wp-caption-text\">Les 2nd6 qui pr\u00e9sentent leur court-m\u00e9trage : <em>Entre Deux Rives<\/em><\/figcaption><\/figure>\n<p>&nbsp;<\/p>\n<p style=\"text-align: right;\">La myst\u00e9rieuse conteuse de la Maison des Lyc\u00e9ens.<\/p>\n","protected":false},"excerpt":{"rendered":"<p>Bonjour, bonsoir, ch\u00e8res lectrices, chers lecteurs. Avez-vous pass\u00e9 une bonne journ\u00e9e ? &nbsp; Je vais vous raconter l&rsquo;histoire de nos petits artistes du lyc\u00e9e : Jeudi 16 mai et vendredi 17 mai dernier, nos lyc\u00e9ens et lyc\u00e9ennes bourr\u00e9s.e. de talent sont all\u00e9.es au Nouveau Festival au Rocher de Palmer, afin de slamer, chanter, montrer leurs [&hellip;]<\/p>\n","protected":false},"author":16,"featured_media":5554,"comment_status":"closed","ping_status":"open","sticky":false,"template":"","format":"standard","meta":{"footnotes":""},"categories":[1],"tags":[],"class_list":["post-5549","post","type-post","status-publish","format-standard","has-post-thumbnail","hentry","category-non-classe"],"_links":{"self":[{"href":"https:\/\/lyceemauriac.fr\/index.php\/wp-json\/wp\/v2\/posts\/5549","targetHints":{"allow":["GET"]}}],"collection":[{"href":"https:\/\/lyceemauriac.fr\/index.php\/wp-json\/wp\/v2\/posts"}],"about":[{"href":"https:\/\/lyceemauriac.fr\/index.php\/wp-json\/wp\/v2\/types\/post"}],"author":[{"embeddable":true,"href":"https:\/\/lyceemauriac.fr\/index.php\/wp-json\/wp\/v2\/users\/16"}],"replies":[{"embeddable":true,"href":"https:\/\/lyceemauriac.fr\/index.php\/wp-json\/wp\/v2\/comments?post=5549"}],"version-history":[{"count":8,"href":"https:\/\/lyceemauriac.fr\/index.php\/wp-json\/wp\/v2\/posts\/5549\/revisions"}],"predecessor-version":[{"id":5561,"href":"https:\/\/lyceemauriac.fr\/index.php\/wp-json\/wp\/v2\/posts\/5549\/revisions\/5561"}],"wp:featuredmedia":[{"embeddable":true,"href":"https:\/\/lyceemauriac.fr\/index.php\/wp-json\/wp\/v2\/media\/5554"}],"wp:attachment":[{"href":"https:\/\/lyceemauriac.fr\/index.php\/wp-json\/wp\/v2\/media?parent=5549"}],"wp:term":[{"taxonomy":"category","embeddable":true,"href":"https:\/\/lyceemauriac.fr\/index.php\/wp-json\/wp\/v2\/categories?post=5549"},{"taxonomy":"post_tag","embeddable":true,"href":"https:\/\/lyceemauriac.fr\/index.php\/wp-json\/wp\/v2\/tags?post=5549"}],"curies":[{"name":"wp","href":"https:\/\/api.w.org\/{rel}","templated":true}]}}