{"id":564,"date":"2017-01-06T13:35:37","date_gmt":"2017-01-06T12:35:37","guid":{"rendered":"https:\/\/lyceemauriac.fr\/?p=564"},"modified":"2017-01-06T22:46:22","modified_gmt":"2017-01-06T21:46:22","slug":"bilan-du-1er-trimestre-de-la-mdl-projets-2017","status":"publish","type":"post","link":"https:\/\/lyceemauriac.fr\/index.php\/2017\/01\/06\/bilan-du-1er-trimestre-de-la-mdl-projets-2017\/","title":{"rendered":"Bilan du 1er trimestre de la MDL &#038; Projets 2017"},"content":{"rendered":"<p style=\"text-align: center;\"><strong>L\u2019\u00e9quipe de la MDL vous souhaite la bonne ann\u00e9e 2017 !<\/strong><\/p>\n<p style=\"text-align: center;\">Au cours de notre premier trimestre nous avons fait pas mal de choses,<\/p>\n<p style=\"text-align: center;\">voici un petit r\u00e9sum\u00e9 en PDF de notre bilan et de nos projets 2017.<\/p>\n<p style=\"text-align: center;\"><a href=\"https:\/\/lyceemauriac.fr\/wp-content\/uploads\/2017\/01\/Bilan-1er-trimestre-MDL.pdf\" class=\"mtli_attachment mtli_pdf\">Bilan 1er trimestre MDL<\/a><\/p>\n<p>&nbsp;<\/p>\n<iframe loading=\"lazy\" class=\"pdfjs-viewer\" width=\"600px\" height=\"849px\" src=\"https:\/\/lyceemauriac.fr\/wp-content\/plugins\/pdf-viewer\/stable\/web\/viewer.html?file=https:\/\/lyceemauriac.fr\/wp-content\/uploads\/2017\/01\/Bilan-1er-trimestre-MDL.pdf\"><\/iframe> \n<p>&nbsp;<\/p>\n<p>&nbsp;<\/p>\n","protected":false},"excerpt":{"rendered":"<p>L\u2019\u00e9quipe de la MDL vous souhaite la bonne ann\u00e9e 2017 ! Au cours de notre premier trimestre nous avons fait pas mal de choses, voici un petit r\u00e9sum\u00e9 en PDF de notre bilan et de nos projets 2017. Bilan 1er trimestre MDL &nbsp; &nbsp; &nbsp;<\/p>\n","protected":false},"author":16,"featured_media":620,"comment_status":"closed","ping_status":"open","sticky":false,"template":"","format":"standard","meta":{"footnotes":""},"categories":[14],"tags":[],"class_list":["post-564","post","type-post","status-publish","format-standard","has-post-thumbnail","hentry","category-mdl"],"_links":{"self":[{"href":"https:\/\/lyceemauriac.fr\/index.php\/wp-json\/wp\/v2\/posts\/564","targetHints":{"allow":["GET"]}}],"collection":[{"href":"https:\/\/lyceemauriac.fr\/index.php\/wp-json\/wp\/v2\/posts"}],"about":[{"href":"https:\/\/lyceemauriac.fr\/index.php\/wp-json\/wp\/v2\/types\/post"}],"author":[{"embeddable":true,"href":"https:\/\/lyceemauriac.fr\/index.php\/wp-json\/wp\/v2\/users\/16"}],"replies":[{"embeddable":true,"href":"https:\/\/lyceemauriac.fr\/index.php\/wp-json\/wp\/v2\/comments?post=564"}],"version-history":[{"count":18,"href":"https:\/\/lyceemauriac.fr\/index.php\/wp-json\/wp\/v2\/posts\/564\/revisions"}],"predecessor-version":[{"id":619,"href":"https:\/\/lyceemauriac.fr\/index.php\/wp-json\/wp\/v2\/posts\/564\/revisions\/619"}],"wp:featuredmedia":[{"embeddable":true,"href":"https:\/\/lyceemauriac.fr\/index.php\/wp-json\/wp\/v2\/media\/620"}],"wp:attachment":[{"href":"https:\/\/lyceemauriac.fr\/index.php\/wp-json\/wp\/v2\/media?parent=564"}],"wp:term":[{"taxonomy":"category","embeddable":true,"href":"https:\/\/lyceemauriac.fr\/index.php\/wp-json\/wp\/v2\/categories?post=564"},{"taxonomy":"post_tag","embeddable":true,"href":"https:\/\/lyceemauriac.fr\/index.php\/wp-json\/wp\/v2\/tags?post=564"}],"curies":[{"name":"wp","href":"https:\/\/api.w.org\/{rel}","templated":true}]}}