{"id":5653,"date":"2019-06-26T07:50:27","date_gmt":"2019-06-26T05:50:27","guid":{"rendered":"https:\/\/lyceemauriac.fr\/?p=5653"},"modified":"2019-06-26T07:50:27","modified_gmt":"2019-06-26T05:50:27","slug":"resultats-des-affectations-affelnet","status":"publish","type":"post","link":"https:\/\/lyceemauriac.fr\/index.php\/2019\/06\/26\/resultats-des-affectations-affelnet\/","title":{"rendered":"R\u00e9sultats des affectations Affelnet"},"content":{"rendered":"<p>le mardi 26 juin \u00e0 partir de 09h les r\u00e9sultats seront disponibles \u00e0 l&rsquo;adresse :<\/p>\n<p><a href=\"https:\/\/portailrh.ac-bordeaux.fr\/affelnet-lycee-resultats\/\">https:\/\/portailrh.ac-bordeaux.fr\/affelnet-lycee-resultats\/<\/a><\/p>\n<p>&nbsp;<\/p>\n<p>Pensez \u00e0 contacter au plus vite votre lyc\u00e9e d&rsquo;affectation.<\/p>\n","protected":false},"excerpt":{"rendered":"<p>le mardi 26 juin \u00e0 partir de 09h les r\u00e9sultats seront disponibles \u00e0 l&rsquo;adresse : https:\/\/portailrh.ac-bordeaux.fr\/affelnet-lycee-resultats\/ &nbsp; Pensez \u00e0 contacter au plus vite votre lyc\u00e9e d&rsquo;affectation.<\/p>\n","protected":false},"author":2,"featured_media":5654,"comment_status":"closed","ping_status":"open","sticky":false,"template":"","format":"standard","meta":{"footnotes":""},"categories":[18],"tags":[],"class_list":["post-5653","post","type-post","status-publish","format-standard","has-post-thumbnail","hentry","category-orientation"],"_links":{"self":[{"href":"https:\/\/lyceemauriac.fr\/index.php\/wp-json\/wp\/v2\/posts\/5653","targetHints":{"allow":["GET"]}}],"collection":[{"href":"https:\/\/lyceemauriac.fr\/index.php\/wp-json\/wp\/v2\/posts"}],"about":[{"href":"https:\/\/lyceemauriac.fr\/index.php\/wp-json\/wp\/v2\/types\/post"}],"author":[{"embeddable":true,"href":"https:\/\/lyceemauriac.fr\/index.php\/wp-json\/wp\/v2\/users\/2"}],"replies":[{"embeddable":true,"href":"https:\/\/lyceemauriac.fr\/index.php\/wp-json\/wp\/v2\/comments?post=5653"}],"version-history":[{"count":1,"href":"https:\/\/lyceemauriac.fr\/index.php\/wp-json\/wp\/v2\/posts\/5653\/revisions"}],"predecessor-version":[{"id":5655,"href":"https:\/\/lyceemauriac.fr\/index.php\/wp-json\/wp\/v2\/posts\/5653\/revisions\/5655"}],"wp:featuredmedia":[{"embeddable":true,"href":"https:\/\/lyceemauriac.fr\/index.php\/wp-json\/wp\/v2\/media\/5654"}],"wp:attachment":[{"href":"https:\/\/lyceemauriac.fr\/index.php\/wp-json\/wp\/v2\/media?parent=5653"}],"wp:term":[{"taxonomy":"category","embeddable":true,"href":"https:\/\/lyceemauriac.fr\/index.php\/wp-json\/wp\/v2\/categories?post=5653"},{"taxonomy":"post_tag","embeddable":true,"href":"https:\/\/lyceemauriac.fr\/index.php\/wp-json\/wp\/v2\/tags?post=5653"}],"curies":[{"name":"wp","href":"https:\/\/api.w.org\/{rel}","templated":true}]}}