{"id":5677,"date":"2019-07-02T15:07:17","date_gmt":"2019-07-02T13:07:17","guid":{"rendered":"https:\/\/lyceemauriac.fr\/?p=5677"},"modified":"2019-07-19T12:45:57","modified_gmt":"2019-07-19T10:45:57","slug":"mathematiques-preparez-votre-rentree","status":"publish","type":"post","link":"https:\/\/lyceemauriac.fr\/index.php\/2019\/07\/02\/mathematiques-preparez-votre-rentree\/","title":{"rendered":"Math\u00e9matiques : pr\u00e9parez votre rentr\u00e9e !"},"content":{"rendered":"<p>Futurs \u00e9l\u00e8ves de Premi\u00e8re G\u00e9n\u00e9rale, de Premi\u00e8re Technologique ou de Terminale S, vous trouverez ci-dessous tout ce qu&rsquo;il vous faut pour arriver bien pr\u00e9par\u00e9s en Septembre 2019 : les notions \u00e0 conna\u00eetre, et des exercices corrig\u00e9s.<\/p>\n<ul>\n<li><a href=\"https:\/\/lyceemauriac.fr\/wp-content\/uploads\/2019\/07\/Futurs_Premi\u00e8res_G\u00e9n\u00e9rales.pdf\" class=\"mtli_attachment mtli_pdf\">Futurs_Premi\u00e8res_G\u00e9n\u00e9rale<\/a><\/li>\n<li><a href=\"https:\/\/lyceemauriac.fr\/wp-content\/uploads\/2019\/07\/Futurs_Premi\u00e8res_Technologique.pdf\" class=\"mtli_attachment mtli_pdf\">Futurs_Premi\u00e8res_Technologique<\/a><\/li>\n<li><a href=\"https:\/\/lyceemauriac.fr\/wp-content\/uploads\/2019\/07\/Futurs_Terminales_S.pdf\" class=\"mtli_attachment mtli_pdf\">Futurs_Terminales_S<\/a><\/li>\n<\/ul>\n<p>\u00c0 noter que pour les Terminales S, les premiers DS arriveront tr\u00e8s t\u00f4t apr\u00e8s la rentr\u00e9e. Raison de plus pour s&rsquo;y pr\u00e9parer !<\/p>\n","protected":false},"excerpt":{"rendered":"<p>Futurs \u00e9l\u00e8ves de Premi\u00e8re G\u00e9n\u00e9rale, de Premi\u00e8re Technologique ou de Terminale S, vous trouverez ci-dessous tout ce qu&rsquo;il vous faut pour arriver bien pr\u00e9par\u00e9s en Septembre 2019 : les notions \u00e0 conna\u00eetre, et des exercices corrig\u00e9s. Futurs_Premi\u00e8res_G\u00e9n\u00e9rale Futurs_Premi\u00e8res_Technologique Futurs_Terminales_S \u00c0 noter que pour les Terminales S, les premiers DS arriveront tr\u00e8s t\u00f4t apr\u00e8s la rentr\u00e9e. [&hellip;]<\/p>\n","protected":false},"author":2,"featured_media":5678,"comment_status":"closed","ping_status":"open","sticky":false,"template":"","format":"standard","meta":{"footnotes":""},"categories":[7],"tags":[],"class_list":["post-5677","post","type-post","status-publish","format-standard","has-post-thumbnail","hentry","category-formations"],"_links":{"self":[{"href":"https:\/\/lyceemauriac.fr\/index.php\/wp-json\/wp\/v2\/posts\/5677","targetHints":{"allow":["GET"]}}],"collection":[{"href":"https:\/\/lyceemauriac.fr\/index.php\/wp-json\/wp\/v2\/posts"}],"about":[{"href":"https:\/\/lyceemauriac.fr\/index.php\/wp-json\/wp\/v2\/types\/post"}],"author":[{"embeddable":true,"href":"https:\/\/lyceemauriac.fr\/index.php\/wp-json\/wp\/v2\/users\/2"}],"replies":[{"embeddable":true,"href":"https:\/\/lyceemauriac.fr\/index.php\/wp-json\/wp\/v2\/comments?post=5677"}],"version-history":[{"count":2,"href":"https:\/\/lyceemauriac.fr\/index.php\/wp-json\/wp\/v2\/posts\/5677\/revisions"}],"predecessor-version":[{"id":5739,"href":"https:\/\/lyceemauriac.fr\/index.php\/wp-json\/wp\/v2\/posts\/5677\/revisions\/5739"}],"wp:featuredmedia":[{"embeddable":true,"href":"https:\/\/lyceemauriac.fr\/index.php\/wp-json\/wp\/v2\/media\/5678"}],"wp:attachment":[{"href":"https:\/\/lyceemauriac.fr\/index.php\/wp-json\/wp\/v2\/media?parent=5677"}],"wp:term":[{"taxonomy":"category","embeddable":true,"href":"https:\/\/lyceemauriac.fr\/index.php\/wp-json\/wp\/v2\/categories?post=5677"},{"taxonomy":"post_tag","embeddable":true,"href":"https:\/\/lyceemauriac.fr\/index.php\/wp-json\/wp\/v2\/tags?post=5677"}],"curies":[{"name":"wp","href":"https:\/\/api.w.org\/{rel}","templated":true}]}}