{"id":5707,"date":"2019-07-15T10:18:43","date_gmt":"2019-07-15T08:18:43","guid":{"rendered":"https:\/\/lyceemauriac.fr\/?p=5707"},"modified":"2019-07-15T10:18:55","modified_gmt":"2019-07-15T08:18:55","slug":"fermeture-estivale","status":"publish","type":"post","link":"https:\/\/lyceemauriac.fr\/index.php\/2019\/07\/15\/fermeture-estivale\/","title":{"rendered":"Fermeture estivale"},"content":{"rendered":"<p>Le lyc\u00e9e Fran\u00e7ois Mauriac accueillera le public \u00e0 compter du mercredi 21 ao\u00fbt 2019.<\/p>\n","protected":false},"excerpt":{"rendered":"<p>Le lyc\u00e9e Fran\u00e7ois Mauriac accueillera le public \u00e0 compter du mercredi 21 ao\u00fbt 2019.<\/p>\n","protected":false},"author":1,"featured_media":0,"comment_status":"closed","ping_status":"open","sticky":false,"template":"","format":"standard","meta":{"footnotes":""},"categories":[2],"tags":[],"class_list":["post-5707","post","type-post","status-publish","format-standard","hentry","category-administration"],"_links":{"self":[{"href":"https:\/\/lyceemauriac.fr\/index.php\/wp-json\/wp\/v2\/posts\/5707","targetHints":{"allow":["GET"]}}],"collection":[{"href":"https:\/\/lyceemauriac.fr\/index.php\/wp-json\/wp\/v2\/posts"}],"about":[{"href":"https:\/\/lyceemauriac.fr\/index.php\/wp-json\/wp\/v2\/types\/post"}],"author":[{"embeddable":true,"href":"https:\/\/lyceemauriac.fr\/index.php\/wp-json\/wp\/v2\/users\/1"}],"replies":[{"embeddable":true,"href":"https:\/\/lyceemauriac.fr\/index.php\/wp-json\/wp\/v2\/comments?post=5707"}],"version-history":[{"count":1,"href":"https:\/\/lyceemauriac.fr\/index.php\/wp-json\/wp\/v2\/posts\/5707\/revisions"}],"predecessor-version":[{"id":5708,"href":"https:\/\/lyceemauriac.fr\/index.php\/wp-json\/wp\/v2\/posts\/5707\/revisions\/5708"}],"wp:attachment":[{"href":"https:\/\/lyceemauriac.fr\/index.php\/wp-json\/wp\/v2\/media?parent=5707"}],"wp:term":[{"taxonomy":"category","embeddable":true,"href":"https:\/\/lyceemauriac.fr\/index.php\/wp-json\/wp\/v2\/categories?post=5707"},{"taxonomy":"post_tag","embeddable":true,"href":"https:\/\/lyceemauriac.fr\/index.php\/wp-json\/wp\/v2\/tags?post=5707"}],"curies":[{"name":"wp","href":"https:\/\/api.w.org\/{rel}","templated":true}]}}