{"id":5828,"date":"2019-09-11T12:45:42","date_gmt":"2019-09-11T10:45:42","guid":{"rendered":"https:\/\/lyceemauriac.fr\/?p=5828"},"modified":"2019-09-11T12:45:42","modified_gmt":"2019-09-11T10:45:42","slug":"association-sportive-les-entrainements-pour-le-raid-la-co-et-le-bike-and-run","status":"publish","type":"post","link":"https:\/\/lyceemauriac.fr\/index.php\/2019\/09\/11\/association-sportive-les-entrainements-pour-le-raid-la-co-et-le-bike-and-run\/","title":{"rendered":"Association Sportive: Les entra\u00eenements pour le raid, la CO et le Bike and Run"},"content":{"rendered":"<p>Les entra\u00eenements auront lieu tous les mercredis apr\u00e8s midi \u00e0 partir de 13h<\/p>\n<p>9 VTT sont \u00e0 disposition des \u00e9l\u00e8ves pour ces entra\u00eenements.<\/p>\n<p>Venez vous inscrire le plus rapidement possible ! ! !<img loading=\"lazy\" decoding=\"async\" class=\"alignleft size-medium wp-image-5829\" src=\"https:\/\/lyceemauriac.fr\/wp-content\/uploads\/2019\/09\/1463574592-195x200.gif\" alt=\"\" width=\"195\" height=\"200\" srcset=\"https:\/\/lyceemauriac.fr\/wp-content\/uploads\/2019\/09\/1463574592-195x200.gif 195w, https:\/\/lyceemauriac.fr\/wp-content\/uploads\/2019\/09\/1463574592-243x250.gif 243w\" sizes=\"auto, (max-width: 195px) 100vw, 195px\" \/><\/p>\n","protected":false},"excerpt":{"rendered":"<p>Les entra\u00eenements auront lieu tous les mercredis apr\u00e8s midi \u00e0 partir de 13h 9 VTT sont \u00e0 disposition des \u00e9l\u00e8ves pour ces entra\u00eenements. Venez vous inscrire le plus rapidement possible ! ! !<\/p>\n","protected":false},"author":46,"featured_media":5829,"comment_status":"closed","ping_status":"open","sticky":false,"template":"","format":"standard","meta":{"footnotes":""},"categories":[23,39],"tags":[],"class_list":["post-5828","post","type-post","status-publish","format-standard","has-post-thumbnail","hentry","category-association_sportive","category-zbandeau"],"_links":{"self":[{"href":"https:\/\/lyceemauriac.fr\/index.php\/wp-json\/wp\/v2\/posts\/5828","targetHints":{"allow":["GET"]}}],"collection":[{"href":"https:\/\/lyceemauriac.fr\/index.php\/wp-json\/wp\/v2\/posts"}],"about":[{"href":"https:\/\/lyceemauriac.fr\/index.php\/wp-json\/wp\/v2\/types\/post"}],"author":[{"embeddable":true,"href":"https:\/\/lyceemauriac.fr\/index.php\/wp-json\/wp\/v2\/users\/46"}],"replies":[{"embeddable":true,"href":"https:\/\/lyceemauriac.fr\/index.php\/wp-json\/wp\/v2\/comments?post=5828"}],"version-history":[{"count":2,"href":"https:\/\/lyceemauriac.fr\/index.php\/wp-json\/wp\/v2\/posts\/5828\/revisions"}],"predecessor-version":[{"id":5831,"href":"https:\/\/lyceemauriac.fr\/index.php\/wp-json\/wp\/v2\/posts\/5828\/revisions\/5831"}],"wp:featuredmedia":[{"embeddable":true,"href":"https:\/\/lyceemauriac.fr\/index.php\/wp-json\/wp\/v2\/media\/5829"}],"wp:attachment":[{"href":"https:\/\/lyceemauriac.fr\/index.php\/wp-json\/wp\/v2\/media?parent=5828"}],"wp:term":[{"taxonomy":"category","embeddable":true,"href":"https:\/\/lyceemauriac.fr\/index.php\/wp-json\/wp\/v2\/categories?post=5828"},{"taxonomy":"post_tag","embeddable":true,"href":"https:\/\/lyceemauriac.fr\/index.php\/wp-json\/wp\/v2\/tags?post=5828"}],"curies":[{"name":"wp","href":"https:\/\/api.w.org\/{rel}","templated":true}]}}