{"id":6040,"date":"2019-11-08T13:40:40","date_gmt":"2019-11-08T12:40:40","guid":{"rendered":"https:\/\/lyceemauriac.fr\/?p=6040"},"modified":"2019-11-08T13:43:04","modified_gmt":"2019-11-08T12:43:04","slug":"fermetures-des-portes-de-letablissement-a-16h00","status":"publish","type":"post","link":"https:\/\/lyceemauriac.fr\/index.php\/2019\/11\/08\/fermetures-des-portes-de-letablissement-a-16h00\/","title":{"rendered":"Fermetures des portes de l&rsquo;\u00e9tablissement \u00e0 16h00"},"content":{"rendered":"<div>A compter du mardi 12\/11\/2019, pour des raisons de s\u00e9curit\u00e9, les portes de l&rsquo;\u00e9tablissement seront ferm\u00e9es <span style=\"color: #ff0000;\"><strong>apr\u00e8s la r\u00e9cr\u00e9ation de 16h00<\/strong><\/span>.<\/div>\n<div>Entr\u00e9es et sorties ne pourront se faire qu&rsquo;en pr\u00e9sence des assistants d&rsquo;\u00e9ducation \u00e0 <span style=\"color: #ff0000;\"><strong>17h00 et 18h00<\/strong><\/span>.<\/div>\n","protected":false},"excerpt":{"rendered":"<p>A compter du mardi 12\/11\/2019, pour des raisons de s\u00e9curit\u00e9, les portes de l&rsquo;\u00e9tablissement seront ferm\u00e9es apr\u00e8s la r\u00e9cr\u00e9ation de 16h00. Entr\u00e9es et sorties ne pourront se faire qu&rsquo;en pr\u00e9sence des assistants d&rsquo;\u00e9ducation \u00e0 17h00 et 18h00.<\/p>\n","protected":false},"author":20,"featured_media":6043,"comment_status":"closed","ping_status":"open","sticky":false,"template":"","format":"standard","meta":{"footnotes":""},"categories":[2],"tags":[],"class_list":["post-6040","post","type-post","status-publish","format-standard","has-post-thumbnail","hentry","category-administration"],"_links":{"self":[{"href":"https:\/\/lyceemauriac.fr\/index.php\/wp-json\/wp\/v2\/posts\/6040","targetHints":{"allow":["GET"]}}],"collection":[{"href":"https:\/\/lyceemauriac.fr\/index.php\/wp-json\/wp\/v2\/posts"}],"about":[{"href":"https:\/\/lyceemauriac.fr\/index.php\/wp-json\/wp\/v2\/types\/post"}],"author":[{"embeddable":true,"href":"https:\/\/lyceemauriac.fr\/index.php\/wp-json\/wp\/v2\/users\/20"}],"replies":[{"embeddable":true,"href":"https:\/\/lyceemauriac.fr\/index.php\/wp-json\/wp\/v2\/comments?post=6040"}],"version-history":[{"count":1,"href":"https:\/\/lyceemauriac.fr\/index.php\/wp-json\/wp\/v2\/posts\/6040\/revisions"}],"predecessor-version":[{"id":6042,"href":"https:\/\/lyceemauriac.fr\/index.php\/wp-json\/wp\/v2\/posts\/6040\/revisions\/6042"}],"wp:featuredmedia":[{"embeddable":true,"href":"https:\/\/lyceemauriac.fr\/index.php\/wp-json\/wp\/v2\/media\/6043"}],"wp:attachment":[{"href":"https:\/\/lyceemauriac.fr\/index.php\/wp-json\/wp\/v2\/media?parent=6040"}],"wp:term":[{"taxonomy":"category","embeddable":true,"href":"https:\/\/lyceemauriac.fr\/index.php\/wp-json\/wp\/v2\/categories?post=6040"},{"taxonomy":"post_tag","embeddable":true,"href":"https:\/\/lyceemauriac.fr\/index.php\/wp-json\/wp\/v2\/tags?post=6040"}],"curies":[{"name":"wp","href":"https:\/\/api.w.org\/{rel}","templated":true}]}}