{"id":6219,"date":"2019-12-19T17:29:02","date_gmt":"2019-12-19T16:29:02","guid":{"rendered":"https:\/\/lyceemauriac.fr\/?p=6219"},"modified":"2019-12-19T17:32:05","modified_gmt":"2019-12-19T16:32:05","slug":"la-mdl-en-vadrouille","status":"publish","type":"post","link":"https:\/\/lyceemauriac.fr\/index.php\/2019\/12\/19\/la-mdl-en-vadrouille\/","title":{"rendered":"La MDL en vadrouille"},"content":{"rendered":"<p><span style=\"font-size: large;\">Bonjour, Bonsoir , mesdames, messieurs, comment allez vous ?<\/span><\/p>\n<p><span style=\"font-size: large;\">Je vais vous raconter l&rsquo;aventure de nos ch\u00e8res lyc\u00e9en.ne.s qui sont partis \u00e0 Blois pour participer aux Assises National des Maisons Des Lyc\u00e9ens. <\/span><\/p>\n<p><span style=\"font-size: large;\">Vous allez me demander qu&rsquo;es-ce-que c&rsquo;est ?! Ai-je raison ? <\/span><\/p>\n<p><span style=\"font-size: large;\">Donc l&rsquo;ANMDL, c&rsquo;est un grand rassemblement de lyc\u00e9en.ne.s, organis\u00e9 par des lyc\u00e9n.ne.s pour les lyc\u00e9en.ne.s qui tourne autour d&rsquo;une th\u00e9matique. Cette ann\u00e9e c&rsquo;\u00e9tait l&rsquo;\u00e9cologie et faire prendre conscience des enjeux li\u00e9s \u00e0 la sant\u00e9 de notre plan\u00e8te, qu&rsquo;il \u00e9tait possible d&rsquo;aider gr\u00e2ce \u00e0 de petits actes du quotidien ou manifester notre engagement pour l&rsquo;\u00e9cologie en participant \u00e0 une clean walk ou encore de sensibiliser autour des probl\u00e8mes dus \u00e0 la pollution et au d\u00e9r\u00e8glement climatique. Bien sur le but des Assises \u00e9tait aussi de donner aux lyc\u00e9en.ne.s des \u00ab\u00a0tuyaux\u00a0\u00bb pour la r\u00e9alisation de projet et am\u00e9liorer sa MDL dans nos lyc\u00e9es. Ces 4 jours \u00e9taient tr\u00e8s intenses et g\u00e9niaux, ce qui nous a permis de cr\u00e9er de nouveaux liens, faire na\u00eetre de nouveaux projets et revenir plus motiv\u00e9.e.s que jamais !<\/span><\/p>\n<p><span style=\"font-size: large;\">Sur ce, bien \u00e0 vous et bonne soir\u00e9e ou journ\u00e9e.<\/span><\/p>\n<p><span style=\"font-size: large;\">La journaliste myst\u00e9rieuse de Mauriac. <\/span><\/p>\n<p>&nbsp;<\/p>\n","protected":false},"excerpt":{"rendered":"<p>Bonjour, Bonsoir , mesdames, messieurs, comment allez vous ? Je vais vous raconter l&rsquo;aventure de nos ch\u00e8res lyc\u00e9en.ne.s qui sont partis \u00e0 Blois pour participer aux Assises National des Maisons Des Lyc\u00e9ens. Vous allez me demander qu&rsquo;es-ce-que c&rsquo;est ?! Ai-je raison ? Donc l&rsquo;ANMDL, c&rsquo;est un grand rassemblement de lyc\u00e9en.ne.s, organis\u00e9 par des lyc\u00e9n.ne.s pour [&hellip;]<\/p>\n","protected":false},"author":16,"featured_media":6220,"comment_status":"closed","ping_status":"open","sticky":false,"template":"","format":"standard","meta":{"footnotes":""},"categories":[14],"tags":[],"class_list":["post-6219","post","type-post","status-publish","format-standard","has-post-thumbnail","hentry","category-mdl"],"_links":{"self":[{"href":"https:\/\/lyceemauriac.fr\/index.php\/wp-json\/wp\/v2\/posts\/6219","targetHints":{"allow":["GET"]}}],"collection":[{"href":"https:\/\/lyceemauriac.fr\/index.php\/wp-json\/wp\/v2\/posts"}],"about":[{"href":"https:\/\/lyceemauriac.fr\/index.php\/wp-json\/wp\/v2\/types\/post"}],"author":[{"embeddable":true,"href":"https:\/\/lyceemauriac.fr\/index.php\/wp-json\/wp\/v2\/users\/16"}],"replies":[{"embeddable":true,"href":"https:\/\/lyceemauriac.fr\/index.php\/wp-json\/wp\/v2\/comments?post=6219"}],"version-history":[{"count":8,"href":"https:\/\/lyceemauriac.fr\/index.php\/wp-json\/wp\/v2\/posts\/6219\/revisions"}],"predecessor-version":[{"id":6228,"href":"https:\/\/lyceemauriac.fr\/index.php\/wp-json\/wp\/v2\/posts\/6219\/revisions\/6228"}],"wp:featuredmedia":[{"embeddable":true,"href":"https:\/\/lyceemauriac.fr\/index.php\/wp-json\/wp\/v2\/media\/6220"}],"wp:attachment":[{"href":"https:\/\/lyceemauriac.fr\/index.php\/wp-json\/wp\/v2\/media?parent=6219"}],"wp:term":[{"taxonomy":"category","embeddable":true,"href":"https:\/\/lyceemauriac.fr\/index.php\/wp-json\/wp\/v2\/categories?post=6219"},{"taxonomy":"post_tag","embeddable":true,"href":"https:\/\/lyceemauriac.fr\/index.php\/wp-json\/wp\/v2\/tags?post=6219"}],"curies":[{"name":"wp","href":"https:\/\/api.w.org\/{rel}","templated":true}]}}