{"id":6327,"date":"2020-01-23T22:17:43","date_gmt":"2020-01-23T21:17:43","guid":{"rendered":"https:\/\/lyceemauriac.fr\/?p=6327"},"modified":"2020-01-23T22:20:35","modified_gmt":"2020-01-23T21:20:35","slug":"futsal-champions-de-gironde","status":"publish","type":"post","link":"https:\/\/lyceemauriac.fr\/index.php\/2020\/01\/23\/futsal-champions-de-gironde\/","title":{"rendered":"Futsal : Champions de Gironde"},"content":{"rendered":"<p>F\u00e9licitations \u00e0 notre \u00e9quipe junior Gar\u00e7ons de Futsal qui est championne de Gironde apr\u00e8s avoir remport\u00e9e les 1\/2 finale acad\u00e9miques.<\/p>\n<p>Jamel, David, Mathias, Wassim, Chris, Erwan, Maxime, Hugo et Paul\u00a0se sont brillamment qualifi\u00e9s en finale acad\u00e9mique o\u00f9 ils repr\u00e9senteront le Lyc\u00e9e Fran\u00e7ois Mauriac.<\/p>\n","protected":false},"excerpt":{"rendered":"<p>F\u00e9licitations \u00e0 notre \u00e9quipe junior Gar\u00e7ons de Futsal qui est championne de Gironde apr\u00e8s avoir remport\u00e9e les 1\/2 finale acad\u00e9miques. Jamel, David, Mathias, Wassim, Chris, Erwan, Maxime, Hugo et Paul\u00a0se sont brillamment qualifi\u00e9s en finale acad\u00e9mique o\u00f9 ils repr\u00e9senteront le Lyc\u00e9e Fran\u00e7ois Mauriac.<\/p>\n","protected":false},"author":10,"featured_media":6329,"comment_status":"closed","ping_status":"open","sticky":false,"template":"","format":"standard","meta":{"footnotes":""},"categories":[23,39],"tags":[],"class_list":["post-6327","post","type-post","status-publish","format-standard","has-post-thumbnail","hentry","category-association_sportive","category-zbandeau"],"_links":{"self":[{"href":"https:\/\/lyceemauriac.fr\/index.php\/wp-json\/wp\/v2\/posts\/6327","targetHints":{"allow":["GET"]}}],"collection":[{"href":"https:\/\/lyceemauriac.fr\/index.php\/wp-json\/wp\/v2\/posts"}],"about":[{"href":"https:\/\/lyceemauriac.fr\/index.php\/wp-json\/wp\/v2\/types\/post"}],"author":[{"embeddable":true,"href":"https:\/\/lyceemauriac.fr\/index.php\/wp-json\/wp\/v2\/users\/10"}],"replies":[{"embeddable":true,"href":"https:\/\/lyceemauriac.fr\/index.php\/wp-json\/wp\/v2\/comments?post=6327"}],"version-history":[{"count":1,"href":"https:\/\/lyceemauriac.fr\/index.php\/wp-json\/wp\/v2\/posts\/6327\/revisions"}],"predecessor-version":[{"id":6328,"href":"https:\/\/lyceemauriac.fr\/index.php\/wp-json\/wp\/v2\/posts\/6327\/revisions\/6328"}],"wp:featuredmedia":[{"embeddable":true,"href":"https:\/\/lyceemauriac.fr\/index.php\/wp-json\/wp\/v2\/media\/6329"}],"wp:attachment":[{"href":"https:\/\/lyceemauriac.fr\/index.php\/wp-json\/wp\/v2\/media?parent=6327"}],"wp:term":[{"taxonomy":"category","embeddable":true,"href":"https:\/\/lyceemauriac.fr\/index.php\/wp-json\/wp\/v2\/categories?post=6327"},{"taxonomy":"post_tag","embeddable":true,"href":"https:\/\/lyceemauriac.fr\/index.php\/wp-json\/wp\/v2\/tags?post=6327"}],"curies":[{"name":"wp","href":"https:\/\/api.w.org\/{rel}","templated":true}]}}