{"id":6932,"date":"2020-06-03T13:39:00","date_gmt":"2020-06-03T11:39:00","guid":{"rendered":"https:\/\/lyceemauriac.fr\/?p=6932"},"modified":"2020-06-03T13:39:00","modified_gmt":"2020-06-03T11:39:00","slug":"depot-dossiers-dinscription-restitution-des-manuels-scolaires-et-livres-du-cdi","status":"publish","type":"post","link":"https:\/\/lyceemauriac.fr\/index.php\/2020\/06\/03\/depot-dossiers-dinscription-restitution-des-manuels-scolaires-et-livres-du-cdi\/","title":{"rendered":"D\u00e9p\u00f4t dossiers d&rsquo;inscription \/ Restitution des manuels scolaires et livres du CDI"},"content":{"rendered":"<p><img loading=\"lazy\" decoding=\"async\" class=\"alignnone size-medium wp-image-6816\" src=\"https:\/\/lyceemauriac.fr\/wp-content\/uploads\/2020\/05\/Manuels-dee91-200x40.jpg\" alt=\"\" width=\"200\" height=\"40\" srcset=\"https:\/\/lyceemauriac.fr\/wp-content\/uploads\/2020\/05\/Manuels-dee91-200x40.jpg 200w, https:\/\/lyceemauriac.fr\/wp-content\/uploads\/2020\/05\/Manuels-dee91-370x74.jpg 370w, https:\/\/lyceemauriac.fr\/wp-content\/uploads\/2020\/05\/Manuels-dee91.jpg 500w\" sizes=\"auto, (max-width: 200px) 100vw, 200px\" \/> <img loading=\"lazy\" decoding=\"async\" class=\"alignnone size-medium wp-image-6812\" src=\"https:\/\/lyceemauriac.fr\/wp-content\/uploads\/2020\/05\/unnamed-200x113.png\" alt=\"\" width=\"200\" height=\"113\" srcset=\"https:\/\/lyceemauriac.fr\/wp-content\/uploads\/2020\/05\/unnamed-200x113.png 200w, https:\/\/lyceemauriac.fr\/wp-content\/uploads\/2020\/05\/unnamed-370x208.png 370w, https:\/\/lyceemauriac.fr\/wp-content\/uploads\/2020\/05\/unnamed.png 512w\" sizes=\"auto, (max-width: 200px) 100vw, 200px\" \/><\/p>\n<p>Le d\u00e9p\u00f4t du dossier d&rsquo;inscription,\u00a0 la restitution des manuels scolaires et des livres du CDI d\u00e9butent <strong>lundi 8 juin 2020 pour les actuels \u00e9l\u00e8ves de 1\u00e8re<\/strong>.<\/p>\n<p>Reportez vous au planning joint : <a href=\"https:\/\/lyceemauriac.fr\/wp-content\/uploads\/2020\/05\/Planning-inscriptions-et-d\u00e9p\u00f4t-des-livres.pdf\" class=\"mtli_attachment mtli_pdf\">Planning inscriptions et d\u00e9p\u00f4t des livres<\/a><\/p>\n<p>Respecter les consignes ci-dessous :<\/p>\n<ul>\n<li><span style=\"color: #ff0000;\"><em>Une seule personne sera admise dans l&rsquo;\u00e9tablissement.<\/em><\/span><\/li>\n<li><span style=\"color: #ff0000;\"><em>Elle devra porter un masque et avoir son propre stylo.<\/em><\/span><\/li>\n<li><span style=\"color: #ff0000;\"><em>L&rsquo;acc\u00e8s se fera par le portail du gymnase, rue Henri Dunant, juste apr\u00e8s la caserne des pompiers.<\/em><\/span><\/li>\n<li><span style=\"color: #ff0000;\"><em>Un parcours sera banalis\u00e9 qui distinguera l&rsquo;entr\u00e9e et la sortie.<\/em><\/span><\/li>\n<li><span style=\"color: #ff0000;\"><em>Seul l&rsquo;acc\u00e8s au grand gymnase sera possible.<\/em><\/span><\/li>\n<li><span style=\"color: #ff0000;\"><em>Les sens de circulation et les distances entre personnes devront \u00eatre respect\u00e9s.<\/em><\/span><\/li>\n<li><span style=\"color: #ff0000;\"><em>L&rsquo;accueil sera assur\u00e9 par les personnels de la vie scolaire qui donneront toutes les instructions utiles pour d\u00e9poser les manuels.<\/em><\/span><\/li>\n<\/ul>\n","protected":false},"excerpt":{"rendered":"<p>Le d\u00e9p\u00f4t du dossier d&rsquo;inscription,\u00a0 la restitution des manuels scolaires et des livres du CDI d\u00e9butent lundi 8 juin 2020 pour les actuels \u00e9l\u00e8ves de 1\u00e8re. Reportez vous au planning joint : Planning inscriptions et d\u00e9p\u00f4t des livres Respecter les consignes ci-dessous : Une seule personne sera admise dans l&rsquo;\u00e9tablissement. Elle devra porter un masque [&hellip;]<\/p>\n","protected":false},"author":20,"featured_media":6933,"comment_status":"closed","ping_status":"open","sticky":false,"template":"","format":"standard","meta":{"footnotes":""},"categories":[2],"tags":[],"class_list":["post-6932","post","type-post","status-publish","format-standard","has-post-thumbnail","hentry","category-administration"],"_links":{"self":[{"href":"https:\/\/lyceemauriac.fr\/index.php\/wp-json\/wp\/v2\/posts\/6932","targetHints":{"allow":["GET"]}}],"collection":[{"href":"https:\/\/lyceemauriac.fr\/index.php\/wp-json\/wp\/v2\/posts"}],"about":[{"href":"https:\/\/lyceemauriac.fr\/index.php\/wp-json\/wp\/v2\/types\/post"}],"author":[{"embeddable":true,"href":"https:\/\/lyceemauriac.fr\/index.php\/wp-json\/wp\/v2\/users\/20"}],"replies":[{"embeddable":true,"href":"https:\/\/lyceemauriac.fr\/index.php\/wp-json\/wp\/v2\/comments?post=6932"}],"version-history":[{"count":1,"href":"https:\/\/lyceemauriac.fr\/index.php\/wp-json\/wp\/v2\/posts\/6932\/revisions"}],"predecessor-version":[{"id":6934,"href":"https:\/\/lyceemauriac.fr\/index.php\/wp-json\/wp\/v2\/posts\/6932\/revisions\/6934"}],"wp:featuredmedia":[{"embeddable":true,"href":"https:\/\/lyceemauriac.fr\/index.php\/wp-json\/wp\/v2\/media\/6933"}],"wp:attachment":[{"href":"https:\/\/lyceemauriac.fr\/index.php\/wp-json\/wp\/v2\/media?parent=6932"}],"wp:term":[{"taxonomy":"category","embeddable":true,"href":"https:\/\/lyceemauriac.fr\/index.php\/wp-json\/wp\/v2\/categories?post=6932"},{"taxonomy":"post_tag","embeddable":true,"href":"https:\/\/lyceemauriac.fr\/index.php\/wp-json\/wp\/v2\/tags?post=6932"}],"curies":[{"name":"wp","href":"https:\/\/api.w.org\/{rel}","templated":true}]}}