{"id":7285,"date":"2020-09-18T18:13:42","date_gmt":"2020-09-18T16:13:42","guid":{"rendered":"https:\/\/lyceemauriac.fr\/?p=7285"},"modified":"2020-09-18T18:18:40","modified_gmt":"2020-09-18T16:18:40","slug":"une-latiniste-distinguee","status":"publish","type":"post","link":"https:\/\/lyceemauriac.fr\/index.php\/2020\/09\/18\/une-latiniste-distinguee\/","title":{"rendered":"Des latinistes distingu\u00e9es"},"content":{"rendered":"<p>Toutes nos f\u00e9licitations \u00e0 Diane Le Po\u00ebzeller, \u00e9l\u00e8ve de TG8, qui vient de remporter le deuxi\u00e8me prix de latin de la session 2019-2020 (niveau 1 \u00e8re) du concours r\u00e9gional de latin organis\u00e9 par l&rsquo;ARELABOR.<br \/>\nBravo aussi \u00e0 son enseignante Mme P\u00e9lissier Hermite.<\/p>\n<p><a href=\"http:\/\/arelabor.com\/palmares-concours-2020\/\">http:\/\/arelabor.com\/palmares-concours-2020\/<\/a><\/p>\n<p>F\u00e9licitations aussi \u00e0 L\u00e9onie Pagola, elle aussi \u00e9l\u00e8ve de TG8, qui a\u00a0 \u00e9t\u00e9 re\u00e7ue l&rsquo;ann\u00e9e derni\u00e8re \u00a0au \u00ab\u00a0Vestibulum\u00a0\u00bb avec une m\u00e9daille de bronze \u00e0 la certification Euroclassica (dipl\u00f4me europ\u00e9en de latin et de grec).<\/p>\n","protected":false},"excerpt":{"rendered":"<p>Toutes nos f\u00e9licitations \u00e0 Diane Le Po\u00ebzeller, \u00e9l\u00e8ve de TG8, qui vient de remporter le deuxi\u00e8me prix de latin de la session 2019-2020 (niveau 1 \u00e8re) du concours r\u00e9gional de latin organis\u00e9 par l&rsquo;ARELABOR. Bravo aussi \u00e0 son enseignante Mme P\u00e9lissier Hermite. http:\/\/arelabor.com\/palmares-concours-2020\/ F\u00e9licitations aussi \u00e0 L\u00e9onie Pagola, elle aussi \u00e9l\u00e8ve de TG8, qui a\u00a0 [&hellip;]<\/p>\n","protected":false},"author":2,"featured_media":7286,"comment_status":"closed","ping_status":"open","sticky":false,"template":"","format":"standard","meta":{"footnotes":""},"categories":[1],"tags":[],"class_list":["post-7285","post","type-post","status-publish","format-standard","has-post-thumbnail","hentry","category-non-classe"],"_links":{"self":[{"href":"https:\/\/lyceemauriac.fr\/index.php\/wp-json\/wp\/v2\/posts\/7285","targetHints":{"allow":["GET"]}}],"collection":[{"href":"https:\/\/lyceemauriac.fr\/index.php\/wp-json\/wp\/v2\/posts"}],"about":[{"href":"https:\/\/lyceemauriac.fr\/index.php\/wp-json\/wp\/v2\/types\/post"}],"author":[{"embeddable":true,"href":"https:\/\/lyceemauriac.fr\/index.php\/wp-json\/wp\/v2\/users\/2"}],"replies":[{"embeddable":true,"href":"https:\/\/lyceemauriac.fr\/index.php\/wp-json\/wp\/v2\/comments?post=7285"}],"version-history":[{"count":5,"href":"https:\/\/lyceemauriac.fr\/index.php\/wp-json\/wp\/v2\/posts\/7285\/revisions"}],"predecessor-version":[{"id":7291,"href":"https:\/\/lyceemauriac.fr\/index.php\/wp-json\/wp\/v2\/posts\/7285\/revisions\/7291"}],"wp:featuredmedia":[{"embeddable":true,"href":"https:\/\/lyceemauriac.fr\/index.php\/wp-json\/wp\/v2\/media\/7286"}],"wp:attachment":[{"href":"https:\/\/lyceemauriac.fr\/index.php\/wp-json\/wp\/v2\/media?parent=7285"}],"wp:term":[{"taxonomy":"category","embeddable":true,"href":"https:\/\/lyceemauriac.fr\/index.php\/wp-json\/wp\/v2\/categories?post=7285"},{"taxonomy":"post_tag","embeddable":true,"href":"https:\/\/lyceemauriac.fr\/index.php\/wp-json\/wp\/v2\/tags?post=7285"}],"curies":[{"name":"wp","href":"https:\/\/api.w.org\/{rel}","templated":true}]}}