{"id":7326,"date":"2020-10-01T14:28:17","date_gmt":"2020-10-01T12:28:17","guid":{"rendered":"https:\/\/lyceemauriac.fr\/?p=7326"},"modified":"2020-10-01T14:28:17","modified_gmt":"2020-10-01T12:28:17","slug":"terminales-calendrier-de-lannee","status":"publish","type":"post","link":"https:\/\/lyceemauriac.fr\/index.php\/2020\/10\/01\/terminales-calendrier-de-lannee\/","title":{"rendered":"Terminales : calendrier de l&rsquo;ann\u00e9e"},"content":{"rendered":"<p>Le Minist\u00e8re a publi\u00e9 hier le calendrier de toutes les \u00e9ch\u00e9ances (Parcoursup \/ Baccalaur\u00e9at) concernant les \u00e9l\u00e8ves de Terminale.<\/p>\n<p>Vous pouvez les retrouver \u00e0 l&rsquo;adresse <a href=\"https:\/\/www.education.gouv.fr\/calendrier-de-l-annee-de-terminale-2020-2021-evaluations-communes-epreuves-finales-procedure-306404\">https:\/\/www.education.gouv.fr\/calendrier-de-l-annee-de-terminale-2020-2021-evaluations-communes-epreuves-finales-procedure-306404<\/a> ou consulter le pdf ci-dessous.<\/p>\n<p><a href=\"https:\/\/lyceemauriac.fr\/wp-content\/uploads\/2020\/10\/bac20-21-calendrier-tle-gt-72248.pdf\" class=\"mtli_attachment mtli_pdf\">bac20-21-calendrier-tle-gt-72248<\/a><\/p>\n<p>&nbsp;<\/p>\n<iframe loading=\"lazy\" class=\"pdfjs-viewer\" width=\"649px\" height=\"800px\" src=\"https:\/\/lyceemauriac.fr\/wp-content\/plugins\/pdf-viewer\/stable\/web\/viewer.html?file=https:\/\/lyceemauriac.fr\/wp-content\/uploads\/2020\/10\/bac20-21-calendrier-tle-gt-72248.pdf\"><\/iframe> \n","protected":false},"excerpt":{"rendered":"<p>Le Minist\u00e8re a publi\u00e9 hier le calendrier de toutes les \u00e9ch\u00e9ances (Parcoursup \/ Baccalaur\u00e9at) concernant les \u00e9l\u00e8ves de Terminale. Vous pouvez les retrouver \u00e0 l&rsquo;adresse https:\/\/www.education.gouv.fr\/calendrier-de-l-annee-de-terminale-2020-2021-evaluations-communes-epreuves-finales-procedure-306404 ou consulter le pdf ci-dessous. bac20-21-calendrier-tle-gt-72248 &nbsp;<\/p>\n","protected":false},"author":2,"featured_media":7327,"comment_status":"closed","ping_status":"open","sticky":false,"template":"","format":"standard","meta":{"footnotes":""},"categories":[2],"tags":[],"class_list":["post-7326","post","type-post","status-publish","format-standard","has-post-thumbnail","hentry","category-administration"],"_links":{"self":[{"href":"https:\/\/lyceemauriac.fr\/index.php\/wp-json\/wp\/v2\/posts\/7326","targetHints":{"allow":["GET"]}}],"collection":[{"href":"https:\/\/lyceemauriac.fr\/index.php\/wp-json\/wp\/v2\/posts"}],"about":[{"href":"https:\/\/lyceemauriac.fr\/index.php\/wp-json\/wp\/v2\/types\/post"}],"author":[{"embeddable":true,"href":"https:\/\/lyceemauriac.fr\/index.php\/wp-json\/wp\/v2\/users\/2"}],"replies":[{"embeddable":true,"href":"https:\/\/lyceemauriac.fr\/index.php\/wp-json\/wp\/v2\/comments?post=7326"}],"version-history":[{"count":1,"href":"https:\/\/lyceemauriac.fr\/index.php\/wp-json\/wp\/v2\/posts\/7326\/revisions"}],"predecessor-version":[{"id":7329,"href":"https:\/\/lyceemauriac.fr\/index.php\/wp-json\/wp\/v2\/posts\/7326\/revisions\/7329"}],"wp:featuredmedia":[{"embeddable":true,"href":"https:\/\/lyceemauriac.fr\/index.php\/wp-json\/wp\/v2\/media\/7327"}],"wp:attachment":[{"href":"https:\/\/lyceemauriac.fr\/index.php\/wp-json\/wp\/v2\/media?parent=7326"}],"wp:term":[{"taxonomy":"category","embeddable":true,"href":"https:\/\/lyceemauriac.fr\/index.php\/wp-json\/wp\/v2\/categories?post=7326"},{"taxonomy":"post_tag","embeddable":true,"href":"https:\/\/lyceemauriac.fr\/index.php\/wp-json\/wp\/v2\/tags?post=7326"}],"curies":[{"name":"wp","href":"https:\/\/api.w.org\/{rel}","templated":true}]}}