{"id":7344,"date":"2020-10-06T13:23:25","date_gmt":"2020-10-06T11:23:25","guid":{"rendered":"https:\/\/lyceemauriac.fr\/?p=7344"},"modified":"2020-10-06T13:25:19","modified_gmt":"2020-10-06T11:25:19","slug":"pix-comment-y-acceder","status":"publish","type":"post","link":"https:\/\/lyceemauriac.fr\/index.php\/2020\/10\/06\/pix-comment-y-acceder\/","title":{"rendered":"Pix : comment y acc\u00e9der ?"},"content":{"rendered":"<p>Les \u00e9l\u00e8ves de Terminale et de BTS 2\u00e8me ann\u00e9e devront passer en d\u00e9but d&rsquo;ann\u00e9e 2021 les \u00e9preuves certifiantes de Pix.<\/p>\n<p>Un \u00abparcours de rentr\u00e9e\u00bb sera r\u00e9alis\u00e9 en octobre\/novembre afin que les \u00e9l\u00e8ves prennent contact avec Pix, mais surtout pour permettre \u00e0 la plateforme Pix de d\u00e9terminer quelles comp\u00e9tences seront certifiables lors de la passation de janvier\/f\u00e9vrier 2021.<\/p>\n<p>Attention, ce parcours de rentr\u00e9e est <strong>long<\/strong> (1h45 environ), vous n&rsquo;aurez pas le temps de le finir en classe. Il <strong>faudra<\/strong> imp\u00e9rativement le finir chez vous.<\/p>\n<h2>Acc\u00e9der \u00e0 Pix<\/h2>\n<p>L&rsquo;acc\u00e8s se fait <strong>obligatoirement<\/strong> par Lyc\u00e9econnect\u00e9.<\/p>\n<ol>\n<li>Se connecter \u00e0 <a href=\"https:\/\/lyceeconnecte.fr\/\">https:\/\/lyceeconnecte.fr\/<\/a>\n<ul>\n<li style=\"list-style-type: none;\">\n<ul>\n<li>Mot de passe perdu ? Tentez les proc\u00e9dures \u00abJ&rsquo;ai oubli\u00e9 mon mot de passe\u00bb. En cas d&rsquo;\u00e9chec, envoyez un message (en pr\u00e9cisant votre probl\u00e8me) \u00e0 <strong>informatique.mauriac@gmail.com<\/strong><\/li>\n<li>Pensez bien \u00e0 cliquer sur Se connecter \/ \u00c9l\u00e8ves-Parents \/ Lyc\u00e9eConnect\u00e9 (et pas Acad\u00e9mie de Bordeaux)<\/li>\n<\/ul>\n<\/li>\n<\/ul>\n<\/li>\n<li>Aller dans le M\u00e9diacentre :\n<ul>\n<li style=\"list-style-type: none;\">\n<ul>\n<li>Sur le c\u00f4t\u00e9 gauche de la page, observer la zone \u00abMes applis\u00bb. Elle est (peut-\u00eatre) vide :<br \/>\n<a href=\"https:\/\/lyceemauriac.fr\/wp-content\/uploads\/2020\/10\/applis1.png\"><img loading=\"lazy\" decoding=\"async\" class=\"aligncenter size-full wp-image-7347\" src=\"https:\/\/lyceemauriac.fr\/wp-content\/uploads\/2020\/10\/applis1.png\" alt=\"\" width=\"457\" height=\"392\" srcset=\"https:\/\/lyceemauriac.fr\/wp-content\/uploads\/2020\/10\/applis1.png 457w, https:\/\/lyceemauriac.fr\/wp-content\/uploads\/2020\/10\/applis1-200x172.png 200w, https:\/\/lyceemauriac.fr\/wp-content\/uploads\/2020\/10\/applis1-291x250.png 291w\" sizes=\"auto, (max-width: 457px) 100vw, 457px\" \/><\/a><\/li>\n<li>Dans ce cas, cliquer sur \u00abplus\u00bb, et dans la liste propos\u00e9e, chercher l&rsquo;icone du M\u00e9diacentre :<br \/>\n<a href=\"https:\/\/lyceemauriac.fr\/wp-content\/uploads\/2020\/10\/mediacentre.png\"><img loading=\"lazy\" decoding=\"async\" class=\"aligncenter size-full wp-image-7346\" src=\"https:\/\/lyceemauriac.fr\/wp-content\/uploads\/2020\/10\/mediacentre.png\" alt=\"\" width=\"205\" height=\"162\" srcset=\"https:\/\/lyceemauriac.fr\/wp-content\/uploads\/2020\/10\/mediacentre.png 205w, https:\/\/lyceemauriac.fr\/wp-content\/uploads\/2020\/10\/mediacentre-200x158.png 200w\" sizes=\"auto, (max-width: 205px) 100vw, 205px\" \/><\/a><\/li>\n<li>Glisser-d\u00e9poser cette icone parmi vos favoris, et retourner \u00e0 la page d&rsquo;accueil (en cliquant sur la petite maison en haut \u00e0 droite, par exemple)<\/li>\n<li>Le M\u00e9diacentre est maintenant pr\u00e9sent, cliquer pour l&rsquo;ouvrir<a href=\"https:\/\/lyceemauriac.fr\/wp-content\/uploads\/2020\/10\/applis2.png\"><img loading=\"lazy\" decoding=\"async\" class=\"aligncenter size-full wp-image-7345\" src=\"https:\/\/lyceemauriac.fr\/wp-content\/uploads\/2020\/10\/applis2.png\" alt=\"\" width=\"447\" height=\"254\" srcset=\"https:\/\/lyceemauriac.fr\/wp-content\/uploads\/2020\/10\/applis2.png 447w, https:\/\/lyceemauriac.fr\/wp-content\/uploads\/2020\/10\/applis2-200x114.png 200w, https:\/\/lyceemauriac.fr\/wp-content\/uploads\/2020\/10\/applis2-370x210.png 370w\" sizes=\"auto, (max-width: 447px) 100vw, 447px\" \/><\/a><\/li>\n<li>Vous arrivez donc \u00e0 une zone qui doit ressembler \u00e0 celle-ci. Si Pix n\u2019appara\u00eet pas, fa\u00eetes une recherche dans le champ de recherche.<br \/>\n<a href=\"https:\/\/lyceemauriac.fr\/wp-content\/uploads\/2020\/10\/mediac.png\"><img loading=\"lazy\" decoding=\"async\" class=\"aligncenter size-full wp-image-7348\" src=\"https:\/\/lyceemauriac.fr\/wp-content\/uploads\/2020\/10\/mediac.png\" alt=\"\" width=\"894\" height=\"551\" srcset=\"https:\/\/lyceemauriac.fr\/wp-content\/uploads\/2020\/10\/mediac.png 894w, https:\/\/lyceemauriac.fr\/wp-content\/uploads\/2020\/10\/mediac-200x123.png 200w, https:\/\/lyceemauriac.fr\/wp-content\/uploads\/2020\/10\/mediac-768x473.png 768w, https:\/\/lyceemauriac.fr\/wp-content\/uploads\/2020\/10\/mediac-370x228.png 370w\" sizes=\"auto, (max-width: 894px) 100vw, 894px\" \/><\/a><\/li>\n<li>Cliquer sur Pix.<\/li>\n<\/ul>\n<\/li>\n<\/ul>\n<\/li>\n<li>Une fois arriv\u00e9 sur Pix (vous \u00eates normalement sortis de Lyc\u00e9econnect\u00e9 et avez \u00e9t\u00e9 authentifi\u00e9s sur le site de Pix), vous devez tomber (\u00e0 la premi\u00e8re connexion) sur cet \u00e9cran :<a href=\"https:\/\/lyceemauriac.fr\/wp-content\/uploads\/2020\/10\/codepix.png\"><img loading=\"lazy\" decoding=\"async\" class=\"aligncenter size-full wp-image-7349\" src=\"https:\/\/lyceemauriac.fr\/wp-content\/uploads\/2020\/10\/codepix.png\" alt=\"\" width=\"450\" height=\"320\" srcset=\"https:\/\/lyceemauriac.fr\/wp-content\/uploads\/2020\/10\/codepix.png 450w, https:\/\/lyceemauriac.fr\/wp-content\/uploads\/2020\/10\/codepix-200x142.png 200w, https:\/\/lyceemauriac.fr\/wp-content\/uploads\/2020\/10\/codepix-352x250.png 352w\" sizes=\"auto, (max-width: 450px) 100vw, 450px\" \/><\/a><\/li>\n<li>Voici les codes pour d\u00e9marrer les \u00abParcours de rentr\u00e9e\u00bb :\n<ol>\n<li style=\"list-style-type: none;\">\n<ul>\n<li>Terminale : JRJVFG816<\/li>\n<li>BTS : VEZHPP632<\/li>\n<\/ul>\n<\/li>\n<li style=\"list-style-type: none;\">mais aussi pour les \u00e9l\u00e8ves qui le souhaitent :\n<ul>\n<li>Premi\u00e8re :\u00a0 PNXTEK533<\/li>\n<li>Seconde : DSNUDU373<\/li>\n<\/ul>\n<\/li>\n<\/ol>\n<\/li>\n<li>Une fois votre code rentr\u00e9, le parcours commence : vous pouvez \u00e0 tout moment l&rsquo;interrompre et le red\u00e9marrer (chez vous par exemple).<\/li>\n<li>Votre parcours <strong>doit imp\u00e9rativement \u00eatre termin\u00e9<\/strong>\u00a0 (avant fin d\u00e9cembre) pour que les r\u00e9sultats soient analys\u00e9s et qu&rsquo;ils permettent votre certification lors de l&rsquo;\u00e9preuve de janvier ou f\u00e9vrier 2021.<\/li>\n<\/ol>\n","protected":false},"excerpt":{"rendered":"<p>Les \u00e9l\u00e8ves de Terminale et de BTS 2\u00e8me ann\u00e9e devront passer en d\u00e9but d&rsquo;ann\u00e9e 2021 les \u00e9preuves certifiantes de Pix. Un \u00abparcours de rentr\u00e9e\u00bb sera r\u00e9alis\u00e9 en octobre\/novembre afin que les \u00e9l\u00e8ves prennent contact avec Pix, mais surtout pour permettre \u00e0 la plateforme Pix de d\u00e9terminer quelles comp\u00e9tences seront certifiables lors de la passation de [&hellip;]<\/p>\n","protected":false},"author":2,"featured_media":7350,"comment_status":"closed","ping_status":"open","sticky":false,"template":"","format":"standard","meta":{"footnotes":""},"categories":[2],"tags":[],"class_list":["post-7344","post","type-post","status-publish","format-standard","has-post-thumbnail","hentry","category-administration"],"_links":{"self":[{"href":"https:\/\/lyceemauriac.fr\/index.php\/wp-json\/wp\/v2\/posts\/7344","targetHints":{"allow":["GET"]}}],"collection":[{"href":"https:\/\/lyceemauriac.fr\/index.php\/wp-json\/wp\/v2\/posts"}],"about":[{"href":"https:\/\/lyceemauriac.fr\/index.php\/wp-json\/wp\/v2\/types\/post"}],"author":[{"embeddable":true,"href":"https:\/\/lyceemauriac.fr\/index.php\/wp-json\/wp\/v2\/users\/2"}],"replies":[{"embeddable":true,"href":"https:\/\/lyceemauriac.fr\/index.php\/wp-json\/wp\/v2\/comments?post=7344"}],"version-history":[{"count":4,"href":"https:\/\/lyceemauriac.fr\/index.php\/wp-json\/wp\/v2\/posts\/7344\/revisions"}],"predecessor-version":[{"id":7354,"href":"https:\/\/lyceemauriac.fr\/index.php\/wp-json\/wp\/v2\/posts\/7344\/revisions\/7354"}],"wp:featuredmedia":[{"embeddable":true,"href":"https:\/\/lyceemauriac.fr\/index.php\/wp-json\/wp\/v2\/media\/7350"}],"wp:attachment":[{"href":"https:\/\/lyceemauriac.fr\/index.php\/wp-json\/wp\/v2\/media?parent=7344"}],"wp:term":[{"taxonomy":"category","embeddable":true,"href":"https:\/\/lyceemauriac.fr\/index.php\/wp-json\/wp\/v2\/categories?post=7344"},{"taxonomy":"post_tag","embeddable":true,"href":"https:\/\/lyceemauriac.fr\/index.php\/wp-json\/wp\/v2\/tags?post=7344"}],"curies":[{"name":"wp","href":"https:\/\/api.w.org\/{rel}","templated":true}]}}