{"id":7373,"date":"2020-10-20T07:49:57","date_gmt":"2020-10-20T05:49:57","guid":{"rendered":"https:\/\/lyceemauriac.fr\/?p=7373"},"modified":"2020-10-20T07:49:57","modified_gmt":"2020-10-20T05:49:57","slug":"championnats-departementaux-de-raid-multi-sports","status":"publish","type":"post","link":"https:\/\/lyceemauriac.fr\/index.php\/2020\/10\/20\/championnats-departementaux-de-raid-multi-sports\/","title":{"rendered":"Championnats D\u00e9partementaux de Raid Multi-sports"},"content":{"rendered":"<p>Le mercredi 14 octobre se sont d\u00e9roul\u00e9s les championnats d\u00e9partementaux UNSS de raid multi-sports sur la base de loisir d&rsquo;Hostens.<\/p>\n<p>Au programme plus de 30kms \u00e0 travers les sentiers de la haute Landes. Les \u00e9l\u00e8ves ont enchain\u00e9s trail, VTT orientation, Course d&rsquo;orientation et cano\u00e9.<\/p>\n<p>Apr\u00e8s pr\u00e8s de 4h d&rsquo;effort en continue et en orientation, accompagn\u00e9 de M. Cordelier, une \u00e9quipe finit sur le podium \u00e0 la 3\u00e8m<img loading=\"lazy\" decoding=\"async\" class=\"alignleft size-medium wp-image-7375\" src=\"https:\/\/lyceemauriac.fr\/wp-content\/uploads\/2020\/10\/IMG-20201014-WA0013-200x150.jpg\" alt=\"\" width=\"200\" height=\"150\" srcset=\"https:\/\/lyceemauriac.fr\/wp-content\/uploads\/2020\/10\/IMG-20201014-WA0013-200x150.jpg 200w, https:\/\/lyceemauriac.fr\/wp-content\/uploads\/2020\/10\/IMG-20201014-WA0013-1024x768.jpg 1024w, https:\/\/lyceemauriac.fr\/wp-content\/uploads\/2020\/10\/IMG-20201014-WA0013-768x576.jpg 768w, https:\/\/lyceemauriac.fr\/wp-content\/uploads\/2020\/10\/IMG-20201014-WA0013-1536x1153.jpg 1536w, https:\/\/lyceemauriac.fr\/wp-content\/uploads\/2020\/10\/IMG-20201014-WA0013-333x250.jpg 333w, https:\/\/lyceemauriac.fr\/wp-content\/uploads\/2020\/10\/IMG-20201014-WA0013.jpg 1599w\" sizes=\"auto, (max-width: 200px) 100vw, 200px\" \/>e place et une seconde \u00e9quipe finit 7\u00e8me. Les \u00e9l\u00e8ves du lyc\u00e9e ont fait preuve d&rsquo;abn\u00e9gation et d&rsquo;un bel altruisme tout au long du parcours.<\/p>\n<p>F\u00e9licitations \u00e0 eux pour leur attitude positive non seulement le jour de l&rsquo;\u00e9preuve mais \u00e9galement depuis la rentr\u00e9e du mois de septembre o\u00f9 chaque mercredi ils participent aux sorties VTT et Course d&rsquo;orientation dans le cadre de l&rsquo;Association sportive du lyc\u00e9e.<\/p>\n<p>Laly, Antoine, Matisbel, Liam, Lucas, Avril &amp; Jeanne<\/p>\n","protected":false},"excerpt":{"rendered":"<p>Le mercredi 14 octobre se sont d\u00e9roul\u00e9s les championnats d\u00e9partementaux UNSS de raid multi-sports sur la base de loisir d&rsquo;Hostens. Au programme plus de 30kms \u00e0 travers les sentiers de la haute Landes. Les \u00e9l\u00e8ves ont enchain\u00e9s trail, VTT orientation, Course d&rsquo;orientation et cano\u00e9. Apr\u00e8s pr\u00e8s de 4h d&rsquo;effort en continue et en orientation, accompagn\u00e9 [&hellip;]<\/p>\n","protected":false},"author":46,"featured_media":7374,"comment_status":"closed","ping_status":"open","sticky":false,"template":"","format":"standard","meta":{"footnotes":""},"categories":[23,39],"tags":[],"class_list":["post-7373","post","type-post","status-publish","format-standard","has-post-thumbnail","hentry","category-association_sportive","category-zbandeau"],"_links":{"self":[{"href":"https:\/\/lyceemauriac.fr\/index.php\/wp-json\/wp\/v2\/posts\/7373","targetHints":{"allow":["GET"]}}],"collection":[{"href":"https:\/\/lyceemauriac.fr\/index.php\/wp-json\/wp\/v2\/posts"}],"about":[{"href":"https:\/\/lyceemauriac.fr\/index.php\/wp-json\/wp\/v2\/types\/post"}],"author":[{"embeddable":true,"href":"https:\/\/lyceemauriac.fr\/index.php\/wp-json\/wp\/v2\/users\/46"}],"replies":[{"embeddable":true,"href":"https:\/\/lyceemauriac.fr\/index.php\/wp-json\/wp\/v2\/comments?post=7373"}],"version-history":[{"count":1,"href":"https:\/\/lyceemauriac.fr\/index.php\/wp-json\/wp\/v2\/posts\/7373\/revisions"}],"predecessor-version":[{"id":7376,"href":"https:\/\/lyceemauriac.fr\/index.php\/wp-json\/wp\/v2\/posts\/7373\/revisions\/7376"}],"wp:featuredmedia":[{"embeddable":true,"href":"https:\/\/lyceemauriac.fr\/index.php\/wp-json\/wp\/v2\/media\/7374"}],"wp:attachment":[{"href":"https:\/\/lyceemauriac.fr\/index.php\/wp-json\/wp\/v2\/media?parent=7373"}],"wp:term":[{"taxonomy":"category","embeddable":true,"href":"https:\/\/lyceemauriac.fr\/index.php\/wp-json\/wp\/v2\/categories?post=7373"},{"taxonomy":"post_tag","embeddable":true,"href":"https:\/\/lyceemauriac.fr\/index.php\/wp-json\/wp\/v2\/tags?post=7373"}],"curies":[{"name":"wp","href":"https:\/\/api.w.org\/{rel}","templated":true}]}}