{"id":7389,"date":"2020-11-01T11:32:03","date_gmt":"2020-11-01T10:32:03","guid":{"rendered":"https:\/\/lyceemauriac.fr\/?p=7389"},"modified":"2020-11-01T11:32:03","modified_gmt":"2020-11-01T10:32:03","slug":"parents-eleves-quelles-attestations-pour-venir-au-lycee","status":"publish","type":"post","link":"https:\/\/lyceemauriac.fr\/index.php\/2020\/11\/01\/parents-eleves-quelles-attestations-pour-venir-au-lycee\/","title":{"rendered":"Parents \/ \u00c9l\u00e8ves : quelles attestations pour venir au lyc\u00e9e ?"},"content":{"rendered":"<p>Le Minist\u00e8re de l&rsquo;\u00c9ducation Nationale a pr\u00e9cis\u00e9 les modalit\u00e9s de justificatif de d\u00e9placement entre le domicile et l&rsquo;\u00e9tablissement scolaire :<\/p>\n<ul>\n<li>pour les <strong>\u00e9l\u00e8ves<\/strong> : aucun justificatif \u00e0 produire, la pr\u00e9sentation du carnet de correspondance est suffisante.<\/li>\n<li>pour les <strong>parents<\/strong> :\n<ul>\n<li>soit l&rsquo;attestation de d\u00e9placement \u00abclassique\u00bb, en cochant le motif \u00ab <em>d\u00e9placement pour chercher les enfants \u00e0 l\u2019\u00e9cole et \u00e0 l\u2019occasion de leurs activit\u00e9s p\u00e9riscolaires<\/em> \u00bb. Attention cette attestation est \u00e0 renouveler \u00e0 chaque d\u00e9placement.<\/li>\n<li>soit une attestation permanente, t\u00e9l\u00e9chargeable <a href=\"https:\/\/www.gouvernement.fr\/sites\/default\/files\/30-10-2020-justificatif-de-deplacement-scolaire.pdf\" class=\"mtli_attachment mtli_pdf\">ici<\/a>. Cette attestation papier devra \u00eatre remplie par vos soins avant d&rsquo;\u00eatre tamponn\u00e9e par le lyc\u00e9e. Pour les familles ne disposant pas d&rsquo;imprimante, une version papier pourra vous \u00eatre donn\u00e9e au lyc\u00e9e.<\/li>\n<\/ul>\n<\/li>\n<\/ul>\n<p><em>source :<\/em> <a href=\"https:\/\/www.education.gouv.fr\/covid19-justificatif-de-deplacement-scolaire-pour-les-trajets-domicile-ecole-college-ou-lycee-306999\">https:\/\/www.education.gouv.fr\/covid19-justificatif-de-deplacement-scolaire-pour-les-trajets-domicile-ecole-college-ou-lycee-306999<\/a><\/p>\n","protected":false},"excerpt":{"rendered":"<p>Le Minist\u00e8re de l&rsquo;\u00c9ducation Nationale a pr\u00e9cis\u00e9 les modalit\u00e9s de justificatif de d\u00e9placement entre le domicile et l&rsquo;\u00e9tablissement scolaire : pour les \u00e9l\u00e8ves : aucun justificatif \u00e0 produire, la pr\u00e9sentation du carnet de correspondance est suffisante. pour les parents : soit l&rsquo;attestation de d\u00e9placement \u00abclassique\u00bb, en cochant le motif \u00ab d\u00e9placement pour chercher les enfants [&hellip;]<\/p>\n","protected":false},"author":2,"featured_media":7390,"comment_status":"closed","ping_status":"open","sticky":false,"template":"","format":"standard","meta":{"footnotes":""},"categories":[2],"tags":[],"class_list":["post-7389","post","type-post","status-publish","format-standard","has-post-thumbnail","hentry","category-administration"],"_links":{"self":[{"href":"https:\/\/lyceemauriac.fr\/index.php\/wp-json\/wp\/v2\/posts\/7389","targetHints":{"allow":["GET"]}}],"collection":[{"href":"https:\/\/lyceemauriac.fr\/index.php\/wp-json\/wp\/v2\/posts"}],"about":[{"href":"https:\/\/lyceemauriac.fr\/index.php\/wp-json\/wp\/v2\/types\/post"}],"author":[{"embeddable":true,"href":"https:\/\/lyceemauriac.fr\/index.php\/wp-json\/wp\/v2\/users\/2"}],"replies":[{"embeddable":true,"href":"https:\/\/lyceemauriac.fr\/index.php\/wp-json\/wp\/v2\/comments?post=7389"}],"version-history":[{"count":1,"href":"https:\/\/lyceemauriac.fr\/index.php\/wp-json\/wp\/v2\/posts\/7389\/revisions"}],"predecessor-version":[{"id":7391,"href":"https:\/\/lyceemauriac.fr\/index.php\/wp-json\/wp\/v2\/posts\/7389\/revisions\/7391"}],"wp:featuredmedia":[{"embeddable":true,"href":"https:\/\/lyceemauriac.fr\/index.php\/wp-json\/wp\/v2\/media\/7390"}],"wp:attachment":[{"href":"https:\/\/lyceemauriac.fr\/index.php\/wp-json\/wp\/v2\/media?parent=7389"}],"wp:term":[{"taxonomy":"category","embeddable":true,"href":"https:\/\/lyceemauriac.fr\/index.php\/wp-json\/wp\/v2\/categories?post=7389"},{"taxonomy":"post_tag","embeddable":true,"href":"https:\/\/lyceemauriac.fr\/index.php\/wp-json\/wp\/v2\/tags?post=7389"}],"curies":[{"name":"wp","href":"https:\/\/api.w.org\/{rel}","templated":true}]}}