{"id":7419,"date":"2020-11-06T16:23:50","date_gmt":"2020-11-06T15:23:50","guid":{"rendered":"https:\/\/lyceemauriac.fr\/?p=7419"},"modified":"2020-11-09T15:13:29","modified_gmt":"2020-11-09T14:13:29","slug":"protocole-sanitaire-renforce-nouvelle-organisation-des-enseignements-du-lycee","status":"publish","type":"post","link":"https:\/\/lyceemauriac.fr\/index.php\/2020\/11\/06\/protocole-sanitaire-renforce-nouvelle-organisation-des-enseignements-du-lycee\/","title":{"rendered":"RENTR\u00c9E DU 12 NOVEMBRE 2020"},"content":{"rendered":"<p><strong><u>Cours par alternance, par demi groupes\u00a0:<\/u><\/strong> 3 ou 2 jours par semaine dans le lyc\u00e9e avec les professeurs et 2 ou 3 jours en autonomie \u00e0 domicile avec un plan de travail communiqu\u00e9 par les enseignants. Les jours o\u00f9 les \u00e9l\u00e8ves doivent venir en classe apparaissent normalement dans pronote, les jours o\u00f9 les \u00e9l\u00e8ves doivent rester chez eux apparaissent avec la mention \u00ab\u00a0cours \u00e0 la maison\u00a0\u00bb. Cela est d\u00e9j\u00e0 consultable sur pronote.<\/p>\n<p>La complexit\u00e9 de l\u2019organisation rend tout changement de groupe impossible.<\/p>\n<p><strong><u>Sens de circulation dans les b\u00e2timents\u00a0:<\/u><\/strong> fl\u00e9chage bleu au sol, sens obligatoires ou sens interdits au dessus des portes. Merci de respecter ces indications pour \u00e9viter tous croisements dangereux.<\/p>\n<p><strong><u>R\u00e9cr\u00e9ations du milieu de matin\u00e9e et du milieu d\u2019apr\u00e8s-midi augment\u00e9es de 5 minutes<\/u><\/strong> pour permettre une meilleure a\u00e9ration des locaux.<\/p>\n<p><strong><u>2 lieux diff\u00e9rents de sortie instaur\u00e9s pendant les r\u00e9cr\u00e9ations\u00a0: <\/u><\/strong>Les \u00e9l\u00e8ves de 2<sup>nde<\/sup> et les \u00e9tudiants de BTS pourront sortir d\u00e9sormais vers la rue Letellier, les \u00e9l\u00e8ves de 1<sup>\u00e8re<\/sup> et de terminale pourront sortir vers la rue Henri Dunant comme actuellement, cela pour diminuer les brassages de niveaux diff\u00e9rents.<\/p>\n<p><strong><u>La moiti\u00e9 des places est supprim\u00e9e dans le restaurant scolaire\u00a0:<\/u><\/strong> Cela est rendu possible par la pr\u00e9sence chaque jour de la moiti\u00e9 de l\u2019effectif de l\u2019ensemble des divisions. Tables et chaises seront d\u00e9sinfect\u00e9es au d\u00e9part de chaque \u00e9l\u00e8ve qui signalera ce d\u00e9part en inclinant sa chaise vers la table. Nous demandons aux \u00e9l\u00e8ves de respecter les distances de s\u00e9curit\u00e9 dans la file d\u2019attente. Un marquage au sol les y aidera. Compte tenu de l\u2019alternance mise en place, pour ne payer que les repas effectivement consomm\u00e9s, les repas seront pay\u00e9s au ticket et non plus au forfait.<\/p>\n<p><strong><u>La jauge du CDI est r\u00e9duite de moiti\u00e9.<\/u><\/strong><\/p>\n<p><strong><u>La pr\u00e9sence dans l\u2019\u00e9tablissement de produits d\u00e9sinfectants est renforc\u00e9e.<\/u><\/strong><\/p>\n<p>Ces mesures doivent bien \u00e9videmment \u00eatre confort\u00e9es par le comportement responsable de chacun, dans le lyc\u00e9e et aux abords, avec en particulier le respect des gestes barri\u00e8re. L\u2019ensemble du dispositif vise \u00e0 maintenir le plus longtemps possible la pr\u00e9sence des \u00e9l\u00e8ves dans leur lyc\u00e9e.<\/p>\n<p>Le Proviseur<\/p>\n","protected":false},"excerpt":{"rendered":"<p>Cours par alternance, par demi groupes\u00a0: 3 ou 2 jours par semaine dans le lyc\u00e9e avec les professeurs et 2 ou 3 jours en autonomie \u00e0 domicile avec un plan de travail communiqu\u00e9 par les enseignants. Les jours o\u00f9 les \u00e9l\u00e8ves doivent venir en classe apparaissent normalement dans pronote, les jours o\u00f9 les \u00e9l\u00e8ves doivent [&hellip;]<\/p>\n","protected":false},"author":20,"featured_media":7408,"comment_status":"closed","ping_status":"open","sticky":false,"template":"","format":"standard","meta":{"footnotes":""},"categories":[2,39],"tags":[],"class_list":["post-7419","post","type-post","status-publish","format-standard","has-post-thumbnail","hentry","category-administration","category-zbandeau"],"_links":{"self":[{"href":"https:\/\/lyceemauriac.fr\/index.php\/wp-json\/wp\/v2\/posts\/7419","targetHints":{"allow":["GET"]}}],"collection":[{"href":"https:\/\/lyceemauriac.fr\/index.php\/wp-json\/wp\/v2\/posts"}],"about":[{"href":"https:\/\/lyceemauriac.fr\/index.php\/wp-json\/wp\/v2\/types\/post"}],"author":[{"embeddable":true,"href":"https:\/\/lyceemauriac.fr\/index.php\/wp-json\/wp\/v2\/users\/20"}],"replies":[{"embeddable":true,"href":"https:\/\/lyceemauriac.fr\/index.php\/wp-json\/wp\/v2\/comments?post=7419"}],"version-history":[{"count":4,"href":"https:\/\/lyceemauriac.fr\/index.php\/wp-json\/wp\/v2\/posts\/7419\/revisions"}],"predecessor-version":[{"id":7428,"href":"https:\/\/lyceemauriac.fr\/index.php\/wp-json\/wp\/v2\/posts\/7419\/revisions\/7428"}],"wp:featuredmedia":[{"embeddable":true,"href":"https:\/\/lyceemauriac.fr\/index.php\/wp-json\/wp\/v2\/media\/7408"}],"wp:attachment":[{"href":"https:\/\/lyceemauriac.fr\/index.php\/wp-json\/wp\/v2\/media?parent=7419"}],"wp:term":[{"taxonomy":"category","embeddable":true,"href":"https:\/\/lyceemauriac.fr\/index.php\/wp-json\/wp\/v2\/categories?post=7419"},{"taxonomy":"post_tag","embeddable":true,"href":"https:\/\/lyceemauriac.fr\/index.php\/wp-json\/wp\/v2\/tags?post=7419"}],"curies":[{"name":"wp","href":"https:\/\/api.w.org\/{rel}","templated":true}]}}