{"id":757,"date":"2017-01-11T09:03:45","date_gmt":"2017-01-11T08:03:45","guid":{"rendered":"https:\/\/lyceemauriac.fr\/?p=757"},"modified":"2017-01-21T14:01:26","modified_gmt":"2017-01-21T13:01:26","slug":"lyceens-apprentis-participez-au-nouveau-festival","status":"publish","type":"post","link":"https:\/\/lyceemauriac.fr\/index.php\/2017\/01\/11\/lyceens-apprentis-participez-au-nouveau-festival\/","title":{"rendered":"Lyc\u00e9ens, apprentis, participez au Nouveau Festival !"},"content":{"rendered":"<p>&nbsp;<\/p>\n<p style=\"text-align: center;\">La premi\u00e8re \u00e9dition du <b>Nouveau Festival<\/b> se d\u00e9roulera au printemps 2017.<\/p>\n<p style=\"text-align: center;\">Lyc\u00e9ens, apprentis, c&rsquo;est <strong>votre<\/strong> festival. Vous avez un projet ? Envie de faire d\u00e9couvrir votre talent ? Une d\u00e9mo est pr\u00eate pour faire d\u00e9couvrir votre univers ? D\u00e9posez votre candidature en ligne jusqu&rsquo;au\u00a020 janvier 2017.<\/p>\n<p style=\"text-align: center;\"><a href=\"http:\/\/les-aides.nouvelle-aquitaine.fr\/fiche\/le-nouveau-festival-edition-2017\/\">http:\/\/les-aides.nouvelle-aquitaine.fr\/fiche\/le-nouveau-festival-edition-2017\/<\/a><\/p>\n<p style=\"text-align: center;\">La R\u00e9gion Nouvelle-Aquitaine a fait de l\u2019\u00c9ducation et de la Jeunesse des axes forts de la politique r\u00e9gionale. Elle porte une grande attention au d\u00e9veloppement et \u00e0 la valorisation des pratiques des lyc\u00e9ens et des apprentis en mati\u00e8re de culture, d\u2019engagement citoyen ainsi qu\u2019au d\u00e9veloppement des domaines du num\u00e9rique et des sciences. C\u2019est pourquoi elle cr\u00e9\u00e9e le Nouveau Festival pour promouvoir les jeunes talents de la Nouvelle-Aquitaine.<\/p>\n<p><iframe loading=\"lazy\" title=\"#LeNouveauFestival2017 arrive bient\u00f4t...\" width=\"640\" height=\"360\" src=\"https:\/\/www.youtube.com\/embed\/NIOkZhuwJNg?feature=oembed\" frameborder=\"0\" allow=\"accelerometer; autoplay; clipboard-write; encrypted-media; gyroscope; picture-in-picture; web-share\" referrerpolicy=\"strict-origin-when-cross-origin\" allowfullscreen><\/iframe><\/p>\n","protected":false},"excerpt":{"rendered":"<p>&nbsp; La premi\u00e8re \u00e9dition du Nouveau Festival se d\u00e9roulera au printemps 2017. Lyc\u00e9ens, apprentis, c&rsquo;est votre festival. Vous avez un projet ? Envie de faire d\u00e9couvrir votre talent ? Une d\u00e9mo est pr\u00eate pour faire d\u00e9couvrir votre univers ? D\u00e9posez votre candidature en ligne jusqu&rsquo;au\u00a020 janvier 2017. http:\/\/les-aides.nouvelle-aquitaine.fr\/fiche\/le-nouveau-festival-edition-2017\/ La R\u00e9gion Nouvelle-Aquitaine a fait de l\u2019\u00c9ducation [&hellip;]<\/p>\n","protected":false},"author":16,"featured_media":758,"comment_status":"closed","ping_status":"open","sticky":false,"template":"","format":"standard","meta":{"footnotes":""},"categories":[21,14,39],"tags":[],"class_list":["post-757","post","type-post","status-publish","format-standard","has-post-thumbnail","hentry","category-culture","category-mdl","category-zbandeau"],"_links":{"self":[{"href":"https:\/\/lyceemauriac.fr\/index.php\/wp-json\/wp\/v2\/posts\/757","targetHints":{"allow":["GET"]}}],"collection":[{"href":"https:\/\/lyceemauriac.fr\/index.php\/wp-json\/wp\/v2\/posts"}],"about":[{"href":"https:\/\/lyceemauriac.fr\/index.php\/wp-json\/wp\/v2\/types\/post"}],"author":[{"embeddable":true,"href":"https:\/\/lyceemauriac.fr\/index.php\/wp-json\/wp\/v2\/users\/16"}],"replies":[{"embeddable":true,"href":"https:\/\/lyceemauriac.fr\/index.php\/wp-json\/wp\/v2\/comments?post=757"}],"version-history":[{"count":5,"href":"https:\/\/lyceemauriac.fr\/index.php\/wp-json\/wp\/v2\/posts\/757\/revisions"}],"predecessor-version":[{"id":789,"href":"https:\/\/lyceemauriac.fr\/index.php\/wp-json\/wp\/v2\/posts\/757\/revisions\/789"}],"wp:featuredmedia":[{"embeddable":true,"href":"https:\/\/lyceemauriac.fr\/index.php\/wp-json\/wp\/v2\/media\/758"}],"wp:attachment":[{"href":"https:\/\/lyceemauriac.fr\/index.php\/wp-json\/wp\/v2\/media?parent=757"}],"wp:term":[{"taxonomy":"category","embeddable":true,"href":"https:\/\/lyceemauriac.fr\/index.php\/wp-json\/wp\/v2\/categories?post=757"},{"taxonomy":"post_tag","embeddable":true,"href":"https:\/\/lyceemauriac.fr\/index.php\/wp-json\/wp\/v2\/tags?post=757"}],"curies":[{"name":"wp","href":"https:\/\/api.w.org\/{rel}","templated":true}]}}