{"id":7680,"date":"2021-01-11T14:34:53","date_gmt":"2021-01-11T13:34:53","guid":{"rendered":"https:\/\/lyceemauriac.fr\/?p=7680"},"modified":"2021-01-15T17:45:58","modified_gmt":"2021-01-15T16:45:58","slug":"venez-rencontrer-des-etudiants-en-medecine","status":"publish","type":"post","link":"https:\/\/lyceemauriac.fr\/index.php\/2021\/01\/11\/venez-rencontrer-des-etudiants-en-medecine\/","title":{"rendered":"Venez rencontrer des \u00e9tudiants en m\u00e9decine"},"content":{"rendered":"<p>Vous \u00eates int\u00e9ress\u00e9s par des \u00e9tudes de sant\u00e9 ?<\/p>\n<p>Quatre \u00e9tudiants en m\u00e9decine seront en salle polyvalente <b>mercredi 20 janvier de 10h \u00e0 12h.<\/b><\/p>\n<p>Leur intervention consistera \u00e0 pr\u00e9senter toutes les fili\u00e8res de sant\u00e9 et la r\u00e9forme des \u00e9tudes m\u00e9dicales.<\/p>\n<p>Elle sera suivi d&rsquo;un temps d&rsquo;\u00e9change avec les lyc\u00e9ens.<\/p>\n<p><u>Les lyc\u00e9ens qui souhaitent participer devront s&rsquo;inscrire au pr\u00e9alable aupr\u00e8s de la vie scolaire.<\/u><\/p>\n","protected":false},"excerpt":{"rendered":"<p>Vous \u00eates int\u00e9ress\u00e9s par des \u00e9tudes de sant\u00e9 ? Quatre \u00e9tudiants en m\u00e9decine seront en salle polyvalente mercredi 20 janvier de 10h \u00e0 12h. Leur intervention consistera \u00e0 pr\u00e9senter toutes les fili\u00e8res de sant\u00e9 et la r\u00e9forme des \u00e9tudes m\u00e9dicales. Elle sera suivi d&rsquo;un temps d&rsquo;\u00e9change avec les lyc\u00e9ens. Les lyc\u00e9ens qui souhaitent participer devront [&hellip;]<\/p>\n","protected":false},"author":2,"featured_media":7681,"comment_status":"closed","ping_status":"open","sticky":false,"template":"","format":"standard","meta":{"footnotes":""},"categories":[18,39],"tags":[],"class_list":["post-7680","post","type-post","status-publish","format-standard","has-post-thumbnail","hentry","category-orientation","category-zbandeau"],"_links":{"self":[{"href":"https:\/\/lyceemauriac.fr\/index.php\/wp-json\/wp\/v2\/posts\/7680","targetHints":{"allow":["GET"]}}],"collection":[{"href":"https:\/\/lyceemauriac.fr\/index.php\/wp-json\/wp\/v2\/posts"}],"about":[{"href":"https:\/\/lyceemauriac.fr\/index.php\/wp-json\/wp\/v2\/types\/post"}],"author":[{"embeddable":true,"href":"https:\/\/lyceemauriac.fr\/index.php\/wp-json\/wp\/v2\/users\/2"}],"replies":[{"embeddable":true,"href":"https:\/\/lyceemauriac.fr\/index.php\/wp-json\/wp\/v2\/comments?post=7680"}],"version-history":[{"count":2,"href":"https:\/\/lyceemauriac.fr\/index.php\/wp-json\/wp\/v2\/posts\/7680\/revisions"}],"predecessor-version":[{"id":7683,"href":"https:\/\/lyceemauriac.fr\/index.php\/wp-json\/wp\/v2\/posts\/7680\/revisions\/7683"}],"wp:featuredmedia":[{"embeddable":true,"href":"https:\/\/lyceemauriac.fr\/index.php\/wp-json\/wp\/v2\/media\/7681"}],"wp:attachment":[{"href":"https:\/\/lyceemauriac.fr\/index.php\/wp-json\/wp\/v2\/media?parent=7680"}],"wp:term":[{"taxonomy":"category","embeddable":true,"href":"https:\/\/lyceemauriac.fr\/index.php\/wp-json\/wp\/v2\/categories?post=7680"},{"taxonomy":"post_tag","embeddable":true,"href":"https:\/\/lyceemauriac.fr\/index.php\/wp-json\/wp\/v2\/tags?post=7680"}],"curies":[{"name":"wp","href":"https:\/\/api.w.org\/{rel}","templated":true}]}}