{"id":7824,"date":"2021-02-05T18:02:07","date_gmt":"2021-02-05T17:02:07","guid":{"rendered":"https:\/\/lyceemauriac.fr\/?p=7824"},"modified":"2021-05-18T15:25:46","modified_gmt":"2021-05-18T13:25:46","slug":"le-nouveau-festival-a-lheure-covid","status":"publish","type":"post","link":"https:\/\/lyceemauriac.fr\/index.php\/2021\/02\/05\/le-nouveau-festival-a-lheure-covid\/","title":{"rendered":"Le Nouveau Festival \u00e0 l&rsquo;heure Covid"},"content":{"rendered":"<p>Bonjour ! Comment allez-vous ?<\/p>\n<p>On vient vous informer que nos talentueux lyc\u00e9ens ont \u00e9t\u00e9 une nouvelle fois s\u00e9lectionn\u00e9 pour le Nouveau Festival ! Ils ne sont pas magnifiques nos \u00e9l\u00e8ves ? Cette ann\u00e9e au Nouveau Festival, les \u00e9l\u00e8ves qui nous repr\u00e9senteront sont :<\/p>\n<p>&#8211; Les Mauvaises Langues compos\u00e9s de Sidonie Forsans TG1, Jasmine Blandin TG10 (a.k.a Princesse Consuella) et Lou\u00ebn Sajous TG2.<\/p>\n<p>&#8211; Nos superbes slameuses, Ever (Ma\u00ebva Devic, TG9), Mao (Camille Follet, TG3), Mia (M\u00efa Mercier, 1G2), Megami (Manuella Dubois, TG10) et Super Patate (L\u00e9a Mond\u00e9t\u00e9guy, TG7)<\/p>\n<p>&#8211; Notre merveilleuse chanteuse Camille M\u00e9ly (TG3).<br \/>\n<img loading=\"lazy\" decoding=\"async\" class=\"alignnone size-large wp-image-7827\" src=\"https:\/\/lyceemauriac.fr\/wp-content\/uploads\/2021\/02\/IMG_4793-768x1024.jpg\" alt=\"\" width=\"640\" height=\"853\" srcset=\"https:\/\/lyceemauriac.fr\/wp-content\/uploads\/2021\/02\/IMG_4793-768x1024.jpg 768w, https:\/\/lyceemauriac.fr\/wp-content\/uploads\/2021\/02\/IMG_4793-150x200.jpg 150w, https:\/\/lyceemauriac.fr\/wp-content\/uploads\/2021\/02\/IMG_4793-1152x1536.jpg 1152w, https:\/\/lyceemauriac.fr\/wp-content\/uploads\/2021\/02\/IMG_4793-1536x2048.jpg 1536w, https:\/\/lyceemauriac.fr\/wp-content\/uploads\/2021\/02\/IMG_4793-188x250.jpg 188w, https:\/\/lyceemauriac.fr\/wp-content\/uploads\/2021\/02\/IMG_4793-scaled.jpg 1920w\" sizes=\"auto, (max-width: 640px) 100vw, 640px\" \/><\/p>\n<p>En cette ann\u00e9e particuli\u00e8re, la r\u00e9gion se d\u00e9m\u00e8ne pour organiser le plus bel \u00e9v\u00e8nement possible, que ce soit en pr\u00e9sentiel ou en distanciel. Afin de vous donner un aper\u00e7u, on vous laisse avec une superbe cover des Mauvaises Langues :<br \/>\n<a href=\"https:\/\/www.instagram.com\/tv\/CDhUii4pzIO\/\">Les Mauvaises Langues (Alibi &#8211; Empara mi (cover) )<\/a><\/p>\n<p>Bonne journ\u00e9e \u00e0 tous et \u00e0 la prochaine fois !<\/p>\n<p>&nbsp;<\/p>\n<p>La myst\u00e9rieuse r\u00e9dactrice de Mauriac.<\/p>\n","protected":false},"excerpt":{"rendered":"<p>Bonjour ! Comment allez-vous ? On vient vous informer que nos talentueux lyc\u00e9ens ont \u00e9t\u00e9 une nouvelle fois s\u00e9lectionn\u00e9 pour le Nouveau Festival ! Ils ne sont pas magnifiques nos \u00e9l\u00e8ves ? Cette ann\u00e9e au Nouveau Festival, les \u00e9l\u00e8ves qui nous repr\u00e9senteront sont : &#8211; Les Mauvaises Langues compos\u00e9s de Sidonie Forsans TG1, Jasmine Blandin [&hellip;]<\/p>\n","protected":false},"author":16,"featured_media":7826,"comment_status":"closed","ping_status":"open","sticky":false,"template":"","format":"standard","meta":{"footnotes":""},"categories":[14],"tags":[],"class_list":["post-7824","post","type-post","status-publish","format-standard","has-post-thumbnail","hentry","category-mdl"],"_links":{"self":[{"href":"https:\/\/lyceemauriac.fr\/index.php\/wp-json\/wp\/v2\/posts\/7824","targetHints":{"allow":["GET"]}}],"collection":[{"href":"https:\/\/lyceemauriac.fr\/index.php\/wp-json\/wp\/v2\/posts"}],"about":[{"href":"https:\/\/lyceemauriac.fr\/index.php\/wp-json\/wp\/v2\/types\/post"}],"author":[{"embeddable":true,"href":"https:\/\/lyceemauriac.fr\/index.php\/wp-json\/wp\/v2\/users\/16"}],"replies":[{"embeddable":true,"href":"https:\/\/lyceemauriac.fr\/index.php\/wp-json\/wp\/v2\/comments?post=7824"}],"version-history":[{"count":6,"href":"https:\/\/lyceemauriac.fr\/index.php\/wp-json\/wp\/v2\/posts\/7824\/revisions"}],"predecessor-version":[{"id":8082,"href":"https:\/\/lyceemauriac.fr\/index.php\/wp-json\/wp\/v2\/posts\/7824\/revisions\/8082"}],"wp:featuredmedia":[{"embeddable":true,"href":"https:\/\/lyceemauriac.fr\/index.php\/wp-json\/wp\/v2\/media\/7826"}],"wp:attachment":[{"href":"https:\/\/lyceemauriac.fr\/index.php\/wp-json\/wp\/v2\/media?parent=7824"}],"wp:term":[{"taxonomy":"category","embeddable":true,"href":"https:\/\/lyceemauriac.fr\/index.php\/wp-json\/wp\/v2\/categories?post=7824"},{"taxonomy":"post_tag","embeddable":true,"href":"https:\/\/lyceemauriac.fr\/index.php\/wp-json\/wp\/v2\/tags?post=7824"}],"curies":[{"name":"wp","href":"https:\/\/api.w.org\/{rel}","templated":true}]}}