{"id":7887,"date":"2021-02-24T09:06:04","date_gmt":"2021-02-24T08:06:04","guid":{"rendered":"https:\/\/lyceemauriac.fr\/?p=7887"},"modified":"2021-02-24T09:06:04","modified_gmt":"2021-02-24T08:06:04","slug":"campagne-de-depistage-du-virus-sarcov-2-covid-19","status":"publish","type":"post","link":"https:\/\/lyceemauriac.fr\/index.php\/2021\/02\/24\/campagne-de-depistage-du-virus-sarcov-2-covid-19\/","title":{"rendered":"Campagne de d\u00e9pistage du virus SARCoV-2 (Covid-19)"},"content":{"rendered":"<p>Le Lyc\u00e9e Fran\u00e7ois MAURIAC participe \u00e0 la campagne nationale de d\u00e9pistage du virus du SARSCoV-2 (Covid 19). Des op\u00e9rations de d\u00e9pistage seront organis\u00e9es dans les locaux de l\u2019\u00e9tablissement le<strong><span style=\"color: #ff0000;\"> jeudi 4 mars de 8h30 \u00e0 16h30.<\/span><\/strong><\/p>\n<p>Dans ce contexte, et si vous le souhaitez, votre enfant \u00a0peut b\u00e9n\u00e9ficier d\u2019un test de d\u00e9pistage. Le d\u00e9pistage de votre enfant ne pourra \u00eatre r\u00e9alis\u00e9 qu\u2019avec votre autorisation parentale s\u2019il est mineur. Les \u00e9l\u00e8ves majeurs devront se munir de leur num\u00e9ro de s\u00e9curit\u00e9 sociale.<\/p>\n<p>Un sondage sera mis en ligne sur Pronote afin de bien calibrer le nombre de tests n\u00e9cessaire.<\/p>\n<p>Madame Collas, Infirmi\u00e8re scolaire reste \u00e0 l&rsquo;\u00e9coute de vos interrogations. Vous trouverez en pi\u00e8ce jointe la notice d&rsquo;information, ainsi que le formulaire de consentement pour les \u00e9l\u00e8ves mineurs.<\/p>\n<p>Cordialement,<\/p>\n<p>Olivier Jomin<br \/>\nProviseur<\/p>\n<p><a href=\"https:\/\/lyceemauriac.fr\/wp-content\/uploads\/2021\/02\/Autorisation-Parentale.pdf\" class=\"mtli_attachment mtli_pdf\">Autorisation Parentale<\/a><\/p>\n","protected":false},"excerpt":{"rendered":"<p>Le Lyc\u00e9e Fran\u00e7ois MAURIAC participe \u00e0 la campagne nationale de d\u00e9pistage du virus du SARSCoV-2 (Covid 19). Des op\u00e9rations de d\u00e9pistage seront organis\u00e9es dans les locaux de l\u2019\u00e9tablissement le jeudi 4 mars de 8h30 \u00e0 16h30. Dans ce contexte, et si vous le souhaitez, votre enfant \u00a0peut b\u00e9n\u00e9ficier d\u2019un test de d\u00e9pistage. Le d\u00e9pistage de [&hellip;]<\/p>\n","protected":false},"author":20,"featured_media":7888,"comment_status":"closed","ping_status":"open","sticky":false,"template":"","format":"standard","meta":{"footnotes":""},"categories":[2,39],"tags":[],"class_list":["post-7887","post","type-post","status-publish","format-standard","has-post-thumbnail","hentry","category-administration","category-zbandeau"],"_links":{"self":[{"href":"https:\/\/lyceemauriac.fr\/index.php\/wp-json\/wp\/v2\/posts\/7887","targetHints":{"allow":["GET"]}}],"collection":[{"href":"https:\/\/lyceemauriac.fr\/index.php\/wp-json\/wp\/v2\/posts"}],"about":[{"href":"https:\/\/lyceemauriac.fr\/index.php\/wp-json\/wp\/v2\/types\/post"}],"author":[{"embeddable":true,"href":"https:\/\/lyceemauriac.fr\/index.php\/wp-json\/wp\/v2\/users\/20"}],"replies":[{"embeddable":true,"href":"https:\/\/lyceemauriac.fr\/index.php\/wp-json\/wp\/v2\/comments?post=7887"}],"version-history":[{"count":1,"href":"https:\/\/lyceemauriac.fr\/index.php\/wp-json\/wp\/v2\/posts\/7887\/revisions"}],"predecessor-version":[{"id":7890,"href":"https:\/\/lyceemauriac.fr\/index.php\/wp-json\/wp\/v2\/posts\/7887\/revisions\/7890"}],"wp:featuredmedia":[{"embeddable":true,"href":"https:\/\/lyceemauriac.fr\/index.php\/wp-json\/wp\/v2\/media\/7888"}],"wp:attachment":[{"href":"https:\/\/lyceemauriac.fr\/index.php\/wp-json\/wp\/v2\/media?parent=7887"}],"wp:term":[{"taxonomy":"category","embeddable":true,"href":"https:\/\/lyceemauriac.fr\/index.php\/wp-json\/wp\/v2\/categories?post=7887"},{"taxonomy":"post_tag","embeddable":true,"href":"https:\/\/lyceemauriac.fr\/index.php\/wp-json\/wp\/v2\/tags?post=7887"}],"curies":[{"name":"wp","href":"https:\/\/api.w.org\/{rel}","templated":true}]}}