{"id":7897,"date":"2021-02-24T16:24:52","date_gmt":"2021-02-24T15:24:52","guid":{"rendered":"https:\/\/lyceemauriac.fr\/?p=7897"},"modified":"2021-02-24T16:47:28","modified_gmt":"2021-02-24T15:47:28","slug":"projets-etwinning","status":"publish","type":"post","link":"https:\/\/lyceemauriac.fr\/index.php\/2021\/02\/24\/projets-etwinning\/","title":{"rendered":"Projets eTwinning"},"content":{"rendered":"<p>&nbsp;<\/p>\n<p>Deux projets eTwinning en espagnol sont men\u00e9s cette ann\u00e9e avec deux groupes classes de Seconde.<\/p>\n<p>&nbsp;<\/p>\n<p>La seconde 2 participe au projet <strong><em>Somos europeos, \u00bfsomos parecidos?<\/em><\/strong> qui vise \u00e0 r\u00e9fl\u00e9chir sur nos ressemblances et diff\u00e9rences entre membres de l\u2019Union Europ\u00e9enne. Les \u00e9l\u00e8ves, r\u00e9unis en \u00e9quipes internationales avec leurs partenaires espagnols, italiens et allemands ont cr\u00e9\u00e9 une premi\u00e8re enqu\u00eate portant sur la personnalit\u00e9 et ont analys\u00e9 les r\u00e9sultats. Vous pouvez consulter leur travail dans l\u2019espace s\u00e9curis\u00e9 du projet, le TwinSpace suivant\u00a0: <a href=\"https:\/\/twinspace.etwinning.net\/119951\">https:\/\/twinspace.etwinning.net\/119951<\/a><\/p>\n<p>Les conclusions de leurs premiers travaux ont \u00e9t\u00e9 regroup\u00e9s dans un livre num\u00e9rique\u00a0: <a href=\"https:\/\/fr.calameo.com\/read\/00582950952c7718d9c29\">https:\/\/fr.calameo.com\/read\/00582950952c7718d9c29<\/a><\/p>\n<p>Bonne lecture\u00a0!<\/p>\n<p>&nbsp;<\/p>\n<p>D\u2019autres \u00e9l\u00e8ves de Seconde 8 et 9 participent, quant \u00e0 eux, au projet <strong><em>\u00bfQu\u00e9 y c\u00f3mo afecta a nuestros j\u00f3venes\u00a0? Valores y emociones<\/em><\/strong> aupr\u00e8s de partenaires espagnols et italiens principalement. Ce projet propose une r\u00e9flexion globale sur des th\u00e9matiques aussi vari\u00e9es que nos sentiments actuels en ces temps de pand\u00e9mie, nos rapports avec nos a\u00een\u00e9s et l\u2019utilisation des nouvelles technologies. Il vise \u00e0 promouvoir la notion d\u2019\u00e9change et de partage.<\/p>\n<p>Leurs travaux sont consultables dans le TwinSpace suivant : <a href=\"https:\/\/twinspace.etwinning.net\/119546\">https:\/\/twinspace.etwinning.net\/119546<\/a><\/p>\n","protected":false},"excerpt":{"rendered":"<p>&nbsp; Deux projets eTwinning en espagnol sont men\u00e9s cette ann\u00e9e avec deux groupes classes de Seconde. &nbsp; La seconde 2 participe au projet Somos europeos, \u00bfsomos parecidos? qui vise \u00e0 r\u00e9fl\u00e9chir sur nos ressemblances et diff\u00e9rences entre membres de l\u2019Union Europ\u00e9enne. Les \u00e9l\u00e8ves, r\u00e9unis en \u00e9quipes internationales avec leurs partenaires espagnols, italiens et allemands ont [&hellip;]<\/p>\n","protected":false},"author":55,"featured_media":7898,"comment_status":"closed","ping_status":"open","sticky":false,"template":"","format":"standard","meta":{"footnotes":""},"categories":[59],"tags":[],"class_list":["post-7897","post","type-post","status-publish","format-standard","has-post-thumbnail","hentry","category-espagnol"],"_links":{"self":[{"href":"https:\/\/lyceemauriac.fr\/index.php\/wp-json\/wp\/v2\/posts\/7897","targetHints":{"allow":["GET"]}}],"collection":[{"href":"https:\/\/lyceemauriac.fr\/index.php\/wp-json\/wp\/v2\/posts"}],"about":[{"href":"https:\/\/lyceemauriac.fr\/index.php\/wp-json\/wp\/v2\/types\/post"}],"author":[{"embeddable":true,"href":"https:\/\/lyceemauriac.fr\/index.php\/wp-json\/wp\/v2\/users\/55"}],"replies":[{"embeddable":true,"href":"https:\/\/lyceemauriac.fr\/index.php\/wp-json\/wp\/v2\/comments?post=7897"}],"version-history":[{"count":3,"href":"https:\/\/lyceemauriac.fr\/index.php\/wp-json\/wp\/v2\/posts\/7897\/revisions"}],"predecessor-version":[{"id":7902,"href":"https:\/\/lyceemauriac.fr\/index.php\/wp-json\/wp\/v2\/posts\/7897\/revisions\/7902"}],"wp:featuredmedia":[{"embeddable":true,"href":"https:\/\/lyceemauriac.fr\/index.php\/wp-json\/wp\/v2\/media\/7898"}],"wp:attachment":[{"href":"https:\/\/lyceemauriac.fr\/index.php\/wp-json\/wp\/v2\/media?parent=7897"}],"wp:term":[{"taxonomy":"category","embeddable":true,"href":"https:\/\/lyceemauriac.fr\/index.php\/wp-json\/wp\/v2\/categories?post=7897"},{"taxonomy":"post_tag","embeddable":true,"href":"https:\/\/lyceemauriac.fr\/index.php\/wp-json\/wp\/v2\/tags?post=7897"}],"curies":[{"name":"wp","href":"https:\/\/api.w.org\/{rel}","templated":true}]}}