{"id":7967,"date":"2021-03-10T15:06:55","date_gmt":"2021-03-10T14:06:55","guid":{"rendered":"https:\/\/lyceemauriac.fr\/?p=7967"},"modified":"2021-03-10T15:06:55","modified_gmt":"2021-03-10T14:06:55","slug":"visite-du-directeur-de-sciences-po-bordeaux","status":"publish","type":"post","link":"https:\/\/lyceemauriac.fr\/index.php\/2021\/03\/10\/visite-du-directeur-de-sciences-po-bordeaux\/","title":{"rendered":"Visite du directeur de Sciences Po Bordeaux"},"content":{"rendered":"<p>Monsieur D\u00e9loye, directeur de Science Po Bordeaux, nous fera l&rsquo;honneur de rendre visite aux \u00e9l\u00e8ves inscrits dans la cord\u00e9e JPPJV (<a href=\"https:\/\/www.sciencespobordeaux.fr\/fr\/l-institut\/nos-priorites-et-nos-fondamentaux\/je-le-peux-parce-que-je-le-veux.html\">je le peux parce je le veux<\/a>)<\/p>\n<p style=\"text-align: center;\"><strong>mardi 16 mars entre 10h30 et 12h00 en salle polyvalente.<\/strong><\/p>\n<p>Monsieur D\u00e9loye \u00a0sera accompagn\u00e9 de repr\u00e9sentants des diff\u00e9rents services pour pr\u00e9senter l&rsquo;institut, les modalit\u00e9s d&rsquo;int\u00e9gration et r\u00e9pondre aux diverses questions des \u00e9l\u00e8ves inscrits dans le dispositif JPPJV et des professeurs pr\u00e9sents.<\/p>\n","protected":false},"excerpt":{"rendered":"<p>Monsieur D\u00e9loye, directeur de Science Po Bordeaux, nous fera l&rsquo;honneur de rendre visite aux \u00e9l\u00e8ves inscrits dans la cord\u00e9e JPPJV (je le peux parce je le veux) mardi 16 mars entre 10h30 et 12h00 en salle polyvalente. Monsieur D\u00e9loye \u00a0sera accompagn\u00e9 de repr\u00e9sentants des diff\u00e9rents services pour pr\u00e9senter l&rsquo;institut, les modalit\u00e9s d&rsquo;int\u00e9gration et r\u00e9pondre aux [&hellip;]<\/p>\n","protected":false},"author":2,"featured_media":7969,"comment_status":"closed","ping_status":"open","sticky":false,"template":"","format":"standard","meta":{"footnotes":""},"categories":[2,18,39],"tags":[],"class_list":["post-7967","post","type-post","status-publish","format-standard","has-post-thumbnail","hentry","category-administration","category-orientation","category-zbandeau"],"_links":{"self":[{"href":"https:\/\/lyceemauriac.fr\/index.php\/wp-json\/wp\/v2\/posts\/7967","targetHints":{"allow":["GET"]}}],"collection":[{"href":"https:\/\/lyceemauriac.fr\/index.php\/wp-json\/wp\/v2\/posts"}],"about":[{"href":"https:\/\/lyceemauriac.fr\/index.php\/wp-json\/wp\/v2\/types\/post"}],"author":[{"embeddable":true,"href":"https:\/\/lyceemauriac.fr\/index.php\/wp-json\/wp\/v2\/users\/2"}],"replies":[{"embeddable":true,"href":"https:\/\/lyceemauriac.fr\/index.php\/wp-json\/wp\/v2\/comments?post=7967"}],"version-history":[{"count":1,"href":"https:\/\/lyceemauriac.fr\/index.php\/wp-json\/wp\/v2\/posts\/7967\/revisions"}],"predecessor-version":[{"id":7970,"href":"https:\/\/lyceemauriac.fr\/index.php\/wp-json\/wp\/v2\/posts\/7967\/revisions\/7970"}],"wp:featuredmedia":[{"embeddable":true,"href":"https:\/\/lyceemauriac.fr\/index.php\/wp-json\/wp\/v2\/media\/7969"}],"wp:attachment":[{"href":"https:\/\/lyceemauriac.fr\/index.php\/wp-json\/wp\/v2\/media?parent=7967"}],"wp:term":[{"taxonomy":"category","embeddable":true,"href":"https:\/\/lyceemauriac.fr\/index.php\/wp-json\/wp\/v2\/categories?post=7967"},{"taxonomy":"post_tag","embeddable":true,"href":"https:\/\/lyceemauriac.fr\/index.php\/wp-json\/wp\/v2\/tags?post=7967"}],"curies":[{"name":"wp","href":"https:\/\/api.w.org\/{rel}","templated":true}]}}