{"id":8003,"date":"2021-03-29T18:04:16","date_gmt":"2021-03-29T16:04:16","guid":{"rendered":"https:\/\/lyceemauriac.fr\/?p=8003"},"modified":"2021-03-29T18:04:16","modified_gmt":"2021-03-29T16:04:16","slug":"aidez-nos-bts-a-trouver-un-stage","status":"publish","type":"post","link":"https:\/\/lyceemauriac.fr\/index.php\/2021\/03\/29\/aidez-nos-bts-a-trouver-un-stage\/","title":{"rendered":"Aidez nos BTS \u00e0 trouver un stage"},"content":{"rendered":"<p align=\"justify\"><span style=\"font-family: Calibri, serif;\"><span style=\"color: #000000;\">Dans le contexte actuel, nos \u00e9tudiants en BTS Comptabilit\u00e9-Gestion rencontrent des difficult\u00e9s pour trouver des terrains de stage (6 semaines \u00e0 partir du 10 mai prochain- les dates sont souples). <\/span><\/span><\/p>\n<p align=\"justify\"><span style=\"font-family: Calibri, serif;\"><span style=\"color: #000000;\">Si votre entreprise, administration, collectivit\u00e9 locale, association\u2026 dispose d\u2019un service comptable, ils vous seraient tr\u00e8s reconnaissants si vous pouviez leurs donner les coordonn\u00e9es de personnes \u00e0 contacter.<\/span><\/span><\/p>\n<p align=\"justify\"><a href=\"https:\/\/lyceemauriac.fr\/wp-content\/uploads\/2021\/03\/new.png\"><img loading=\"lazy\" decoding=\"async\" class=\"aligncenter size-full wp-image-8005\" src=\"https:\/\/lyceemauriac.fr\/wp-content\/uploads\/2021\/03\/new.png\" alt=\"\" width=\"800\" height=\"600\" srcset=\"https:\/\/lyceemauriac.fr\/wp-content\/uploads\/2021\/03\/new.png 800w, https:\/\/lyceemauriac.fr\/wp-content\/uploads\/2021\/03\/new-200x150.png 200w, https:\/\/lyceemauriac.fr\/wp-content\/uploads\/2021\/03\/new-768x576.png 768w, https:\/\/lyceemauriac.fr\/wp-content\/uploads\/2021\/03\/new-333x250.png 333w\" sizes=\"auto, (max-width: 800px) 100vw, 800px\" \/><\/a><\/p>\n<p align=\"justify\">\n<p align=\"justify\">\n<p align=\"center\"><span style=\"color: #404040;\"><span style=\"font-family: Source Sans Pro, serif;\"><b>Lyc\u00e9e G\u00e9n\u00e9ral et Technologique<br \/>\nFran\u00e7ois Mauriac<\/b><\/span><\/span><span style=\"color: #404040;\"><span style=\"font-family: Source Sans Pro, serif;\"><br \/>\n<\/span><\/span><span style=\"color: #404040;\"><span style=\"font-family: Source Sans Pro, serif;\">1, rue Henri Dunant<\/span><\/span><span style=\"color: #404040;\"><span style=\"font-family: Source Sans Pro, serif;\"><br \/>\n<\/span><\/span><span style=\"color: #404040;\"><span style=\"font-family: Source Sans Pro, serif;\">33 100 Bordeaux<\/span><\/span><span style=\"color: #404040;\"><span style=\"font-family: Source Sans Pro, serif;\"><br \/>\n<\/span><\/span><span style=\"color: #404040;\"><span style=\"font-family: Source Sans Pro, serif;\">05 56 38 52 82<\/span><\/span><span style=\"color: #404040;\"><span style=\"font-family: Source Sans Pro, serif;\"><br \/>\n<\/span><\/span><span style=\"color: #404040;\"><span style=\"font-family: Source Sans Pro, serif;\"><span style=\"font-size: medium;\">ce.0330027a@ac-bordeaux.fr<\/span><\/span><\/span><\/p>\n","protected":false},"excerpt":{"rendered":"<p>Dans le contexte actuel, nos \u00e9tudiants en BTS Comptabilit\u00e9-Gestion rencontrent des difficult\u00e9s pour trouver des terrains de stage (6 semaines \u00e0 partir du 10 mai prochain- les dates sont souples). Si votre entreprise, administration, collectivit\u00e9 locale, association\u2026 dispose d\u2019un service comptable, ils vous seraient tr\u00e8s reconnaissants si vous pouviez leurs donner les coordonn\u00e9es de personnes [&hellip;]<\/p>\n","protected":false},"author":2,"featured_media":8004,"comment_status":"closed","ping_status":"open","sticky":false,"template":"","format":"standard","meta":{"footnotes":""},"categories":[2,7],"tags":[],"class_list":["post-8003","post","type-post","status-publish","format-standard","has-post-thumbnail","hentry","category-administration","category-formations"],"_links":{"self":[{"href":"https:\/\/lyceemauriac.fr\/index.php\/wp-json\/wp\/v2\/posts\/8003","targetHints":{"allow":["GET"]}}],"collection":[{"href":"https:\/\/lyceemauriac.fr\/index.php\/wp-json\/wp\/v2\/posts"}],"about":[{"href":"https:\/\/lyceemauriac.fr\/index.php\/wp-json\/wp\/v2\/types\/post"}],"author":[{"embeddable":true,"href":"https:\/\/lyceemauriac.fr\/index.php\/wp-json\/wp\/v2\/users\/2"}],"replies":[{"embeddable":true,"href":"https:\/\/lyceemauriac.fr\/index.php\/wp-json\/wp\/v2\/comments?post=8003"}],"version-history":[{"count":1,"href":"https:\/\/lyceemauriac.fr\/index.php\/wp-json\/wp\/v2\/posts\/8003\/revisions"}],"predecessor-version":[{"id":8006,"href":"https:\/\/lyceemauriac.fr\/index.php\/wp-json\/wp\/v2\/posts\/8003\/revisions\/8006"}],"wp:featuredmedia":[{"embeddable":true,"href":"https:\/\/lyceemauriac.fr\/index.php\/wp-json\/wp\/v2\/media\/8004"}],"wp:attachment":[{"href":"https:\/\/lyceemauriac.fr\/index.php\/wp-json\/wp\/v2\/media?parent=8003"}],"wp:term":[{"taxonomy":"category","embeddable":true,"href":"https:\/\/lyceemauriac.fr\/index.php\/wp-json\/wp\/v2\/categories?post=8003"},{"taxonomy":"post_tag","embeddable":true,"href":"https:\/\/lyceemauriac.fr\/index.php\/wp-json\/wp\/v2\/tags?post=8003"}],"curies":[{"name":"wp","href":"https:\/\/api.w.org\/{rel}","templated":true}]}}