{"id":8011,"date":"2021-04-01T17:44:31","date_gmt":"2021-04-01T15:44:31","guid":{"rendered":"https:\/\/lyceemauriac.fr\/?p=8011"},"modified":"2021-04-01T17:47:31","modified_gmt":"2021-04-01T15:47:31","slug":"grand-oral-terminales-comment-creer-votre-cahier-multimedia","status":"publish","type":"post","link":"https:\/\/lyceemauriac.fr\/index.php\/2021\/04\/01\/grand-oral-terminales-comment-creer-votre-cahier-multimedia\/","title":{"rendered":"Grand Oral Terminales : comment cr\u00e9er votre Cahier Multimedia"},"content":{"rendered":"<p>La vid\u00e9o ci-dessous vous guide dans les \u00e9tapes de cr\u00e9ation de votre Cahier Multimedia sur <a href=\"https:\/\/lyceeconnecte.fr\/\">Lyc\u00e9eConnect\u00e9<\/a>.<\/p>\n<p><iframe loading=\"lazy\" title=\"YouTube video player\" src=\"https:\/\/www.youtube.com\/embed\/IhpYub16yIs\" width=\"1212\" height=\"847\" frameborder=\"0\" allowfullscreen=\"allowfullscreen\"><\/iframe><br \/>\nD&rsquo;autres tutoriels suivront pour les \u00e9l\u00e8ves travaillant avec un smartphone.<br \/>\nEn cas de probl\u00e8me, envoyez un message \u00e0 <a href=\"mailto:informatique.mauriac@gmail.com\">informatique.mauriac@gmail.com<\/a>.<\/p>\n","protected":false},"excerpt":{"rendered":"<p>La vid\u00e9o ci-dessous vous guide dans les \u00e9tapes de cr\u00e9ation de votre Cahier Multimedia sur Lyc\u00e9eConnect\u00e9. D&rsquo;autres tutoriels suivront pour les \u00e9l\u00e8ves travaillant avec un smartphone. En cas de probl\u00e8me, envoyez un message \u00e0 informatique.mauriac@gmail.com.<\/p>\n","protected":false},"author":2,"featured_media":8013,"comment_status":"closed","ping_status":"open","sticky":false,"template":"","format":"standard","meta":{"footnotes":""},"categories":[2,39],"tags":[],"class_list":["post-8011","post","type-post","status-publish","format-standard","has-post-thumbnail","hentry","category-administration","category-zbandeau"],"_links":{"self":[{"href":"https:\/\/lyceemauriac.fr\/index.php\/wp-json\/wp\/v2\/posts\/8011","targetHints":{"allow":["GET"]}}],"collection":[{"href":"https:\/\/lyceemauriac.fr\/index.php\/wp-json\/wp\/v2\/posts"}],"about":[{"href":"https:\/\/lyceemauriac.fr\/index.php\/wp-json\/wp\/v2\/types\/post"}],"author":[{"embeddable":true,"href":"https:\/\/lyceemauriac.fr\/index.php\/wp-json\/wp\/v2\/users\/2"}],"replies":[{"embeddable":true,"href":"https:\/\/lyceemauriac.fr\/index.php\/wp-json\/wp\/v2\/comments?post=8011"}],"version-history":[{"count":1,"href":"https:\/\/lyceemauriac.fr\/index.php\/wp-json\/wp\/v2\/posts\/8011\/revisions"}],"predecessor-version":[{"id":8012,"href":"https:\/\/lyceemauriac.fr\/index.php\/wp-json\/wp\/v2\/posts\/8011\/revisions\/8012"}],"wp:featuredmedia":[{"embeddable":true,"href":"https:\/\/lyceemauriac.fr\/index.php\/wp-json\/wp\/v2\/media\/8013"}],"wp:attachment":[{"href":"https:\/\/lyceemauriac.fr\/index.php\/wp-json\/wp\/v2\/media?parent=8011"}],"wp:term":[{"taxonomy":"category","embeddable":true,"href":"https:\/\/lyceemauriac.fr\/index.php\/wp-json\/wp\/v2\/categories?post=8011"},{"taxonomy":"post_tag","embeddable":true,"href":"https:\/\/lyceemauriac.fr\/index.php\/wp-json\/wp\/v2\/tags?post=8011"}],"curies":[{"name":"wp","href":"https:\/\/api.w.org\/{rel}","templated":true}]}}