{"id":8058,"date":"2021-05-12T14:53:21","date_gmt":"2021-05-12T12:53:21","guid":{"rendered":"https:\/\/lyceemauriac.fr\/?p=8058"},"modified":"2021-05-12T14:53:21","modified_gmt":"2021-05-12T12:53:21","slug":"borne-to-be-alive","status":"publish","type":"post","link":"https:\/\/lyceemauriac.fr\/index.php\/2021\/05\/12\/borne-to-be-alive\/","title":{"rendered":"Borne to be alive"},"content":{"rendered":"<p>En mars la Maison des Lyc\u00e9ens s&rsquo;est \u00e9quip\u00e9e de bornes de recyclage afin que chacun puisse y d\u00e9poser ses masques chirurgicaux usag\u00e9s. L&rsquo;entreprise Solution Recyclage nous a fourni des boites qu&rsquo;elle r\u00e9cup\u00e9rera \u00e0 terme. \u0090\u00c0 l&rsquo;aide de leurs partenaires, les masques seront d\u00e9mont\u00e9s, puis broy\u00e9s afin de fabriquer du fil qui servira \u00e0 confectionner du textile.<\/p>\n<p>Constatant l&rsquo;enthousiasme de nos camarades, mais \u00e9galement de professeurs nous rendant visite, nous sommes ravis de vous annoncer que cette initiative se poursuit pour le restant de l&rsquo;ann\u00e9e scolaire dans notre foyer.<\/p>\n","protected":false},"excerpt":{"rendered":"<p>En mars la Maison des Lyc\u00e9ens s&rsquo;est \u00e9quip\u00e9e de bornes de recyclage afin que chacun puisse y d\u00e9poser ses masques chirurgicaux usag\u00e9s. L&rsquo;entreprise Solution Recyclage nous a fourni des boites qu&rsquo;elle r\u00e9cup\u00e9rera \u00e0 terme. \u0090\u00c0 l&rsquo;aide de leurs partenaires, les masques seront d\u00e9mont\u00e9s, puis broy\u00e9s afin de fabriquer du fil qui servira \u00e0 confectionner du [&hellip;]<\/p>\n","protected":false},"author":16,"featured_media":8059,"comment_status":"closed","ping_status":"open","sticky":false,"template":"","format":"standard","meta":{"footnotes":""},"categories":[14],"tags":[],"class_list":["post-8058","post","type-post","status-publish","format-standard","has-post-thumbnail","hentry","category-mdl"],"_links":{"self":[{"href":"https:\/\/lyceemauriac.fr\/index.php\/wp-json\/wp\/v2\/posts\/8058","targetHints":{"allow":["GET"]}}],"collection":[{"href":"https:\/\/lyceemauriac.fr\/index.php\/wp-json\/wp\/v2\/posts"}],"about":[{"href":"https:\/\/lyceemauriac.fr\/index.php\/wp-json\/wp\/v2\/types\/post"}],"author":[{"embeddable":true,"href":"https:\/\/lyceemauriac.fr\/index.php\/wp-json\/wp\/v2\/users\/16"}],"replies":[{"embeddable":true,"href":"https:\/\/lyceemauriac.fr\/index.php\/wp-json\/wp\/v2\/comments?post=8058"}],"version-history":[{"count":2,"href":"https:\/\/lyceemauriac.fr\/index.php\/wp-json\/wp\/v2\/posts\/8058\/revisions"}],"predecessor-version":[{"id":8061,"href":"https:\/\/lyceemauriac.fr\/index.php\/wp-json\/wp\/v2\/posts\/8058\/revisions\/8061"}],"wp:featuredmedia":[{"embeddable":true,"href":"https:\/\/lyceemauriac.fr\/index.php\/wp-json\/wp\/v2\/media\/8059"}],"wp:attachment":[{"href":"https:\/\/lyceemauriac.fr\/index.php\/wp-json\/wp\/v2\/media?parent=8058"}],"wp:term":[{"taxonomy":"category","embeddable":true,"href":"https:\/\/lyceemauriac.fr\/index.php\/wp-json\/wp\/v2\/categories?post=8058"},{"taxonomy":"post_tag","embeddable":true,"href":"https:\/\/lyceemauriac.fr\/index.php\/wp-json\/wp\/v2\/tags?post=8058"}],"curies":[{"name":"wp","href":"https:\/\/api.w.org\/{rel}","templated":true}]}}