{"id":8062,"date":"2021-05-17T14:47:27","date_gmt":"2021-05-17T12:47:27","guid":{"rendered":"https:\/\/lyceemauriac.fr\/?p=8062"},"modified":"2021-05-17T14:47:27","modified_gmt":"2021-05-17T12:47:27","slug":"interessees-par-larchitecture-faites-un-stage-de-preparation","status":"publish","type":"post","link":"https:\/\/lyceemauriac.fr\/index.php\/2021\/05\/17\/interessees-par-larchitecture-faites-un-stage-de-preparation\/","title":{"rendered":"Int\u00e9ress\u00e9(e)s par l&rsquo;architecture ? Faites un stage de pr\u00e9paration"},"content":{"rendered":"<p><strong>STAGE PR\u00c9PA ARCHI BORDEAUX<\/strong><br \/>\n<strong>LYC\u00c9E MONTESQUIEU<\/strong><br \/>\nPromotion 2021-2022 \u00abWalter Gropius \u00bb<br \/>\nLa huiti\u00e8me session de la Pr\u00e9pa Archi Bordeaux, publique et gratuite, se d\u00e9roulera au Lyc\u00e9e Montesquieu \u00e0<br \/>\nBordeaux. Elle propose deux stages au choix. Chaque stage recevra 30 stagiaires.<\/p>\n<p>STAGE 1 : du Lundi au Vendredi pendant les vacances de la Toussaint et de F\u00e9vrier.<br \/>\nSemaine 1 (du 25\/10\/2021 au 29\/10\/2021) et Semaine 2 (du 14\/02\/2022 au 18\/02\/2022).<\/p>\n<p>STAGE 2 : du Lundi au Vendredi pendant les vacances de la Toussaint et de F\u00e9vrier.<br \/>\nSemaine 1 (du 01\/11\/2021 au 05\/11\/2021) et Semaine 2 (du 21\/02\/2022 au 25\/02\/2022).<\/p>\n<p>Ils sont ouverts \u00e0 l\u2019ensemble des terminales de l\u2019acad\u00e9mie de Bordeaux des Bacs g\u00e9n\u00e9raux, aux deux terminales<br \/>\ndes Bacs technologiques (STD2A et STI2D) et aux deux terminales des Bacs Pro (AEA et TEB option B) d\u00e9sirant<br \/>\npr\u00e9parer le concours d\u2019entr\u00e9e dans une \u00e9cole d\u2019architecture.<\/p>\n<p>Plus de renseignements :<\/p>\n<p><a href=\"https:\/\/lyceemauriac.fr\/wp-content\/uploads\/2021\/05\/Stage-prepa-Archi-Bordeaux-.pdf\" class=\"mtli_attachment mtli_pdf\">Stage pr\u00e9pa Archi Bordeaux<\/a><\/p>\n<p>&nbsp;<\/p>\n","protected":false},"excerpt":{"rendered":"<p>STAGE PR\u00c9PA ARCHI BORDEAUX LYC\u00c9E MONTESQUIEU Promotion 2021-2022 \u00abWalter Gropius \u00bb La huiti\u00e8me session de la Pr\u00e9pa Archi Bordeaux, publique et gratuite, se d\u00e9roulera au Lyc\u00e9e Montesquieu \u00e0 Bordeaux. Elle propose deux stages au choix. Chaque stage recevra 30 stagiaires. STAGE 1 : du Lundi au Vendredi pendant les vacances de la Toussaint et de [&hellip;]<\/p>\n","protected":false},"author":2,"featured_media":8063,"comment_status":"closed","ping_status":"open","sticky":false,"template":"","format":"standard","meta":{"footnotes":""},"categories":[2,18],"tags":[],"class_list":["post-8062","post","type-post","status-publish","format-standard","has-post-thumbnail","hentry","category-administration","category-orientation"],"_links":{"self":[{"href":"https:\/\/lyceemauriac.fr\/index.php\/wp-json\/wp\/v2\/posts\/8062","targetHints":{"allow":["GET"]}}],"collection":[{"href":"https:\/\/lyceemauriac.fr\/index.php\/wp-json\/wp\/v2\/posts"}],"about":[{"href":"https:\/\/lyceemauriac.fr\/index.php\/wp-json\/wp\/v2\/types\/post"}],"author":[{"embeddable":true,"href":"https:\/\/lyceemauriac.fr\/index.php\/wp-json\/wp\/v2\/users\/2"}],"replies":[{"embeddable":true,"href":"https:\/\/lyceemauriac.fr\/index.php\/wp-json\/wp\/v2\/comments?post=8062"}],"version-history":[{"count":1,"href":"https:\/\/lyceemauriac.fr\/index.php\/wp-json\/wp\/v2\/posts\/8062\/revisions"}],"predecessor-version":[{"id":8065,"href":"https:\/\/lyceemauriac.fr\/index.php\/wp-json\/wp\/v2\/posts\/8062\/revisions\/8065"}],"wp:featuredmedia":[{"embeddable":true,"href":"https:\/\/lyceemauriac.fr\/index.php\/wp-json\/wp\/v2\/media\/8063"}],"wp:attachment":[{"href":"https:\/\/lyceemauriac.fr\/index.php\/wp-json\/wp\/v2\/media?parent=8062"}],"wp:term":[{"taxonomy":"category","embeddable":true,"href":"https:\/\/lyceemauriac.fr\/index.php\/wp-json\/wp\/v2\/categories?post=8062"},{"taxonomy":"post_tag","embeddable":true,"href":"https:\/\/lyceemauriac.fr\/index.php\/wp-json\/wp\/v2\/tags?post=8062"}],"curies":[{"name":"wp","href":"https:\/\/api.w.org\/{rel}","templated":true}]}}