{"id":8535,"date":"2021-10-31T14:01:35","date_gmt":"2021-10-31T13:01:35","guid":{"rendered":"https:\/\/lyceemauriac.fr\/?p=8535"},"modified":"2021-11-04T20:31:45","modified_gmt":"2021-11-04T19:31:45","slug":"etwinning-label-europeen","status":"publish","type":"post","link":"https:\/\/lyceemauriac.fr\/index.php\/2021\/10\/31\/etwinning-label-europeen\/","title":{"rendered":"eTwinning, label europ\u00e9en"},"content":{"rendered":"<p>Apr\u00e8s le label de qualit\u00e9 national, les deux projets eTwinning de l&rsquo;an dernier <strong><em>Somos europeos, \u00bfsomos parecidos?<\/em><\/strong>\u00a0et\u00a0<em><strong>Valores y emociones: \u00bfqu\u00e9 y c\u00f3mo afectan a los j\u00f3venes?<\/strong><\/em> ont, cette fois-ci, re\u00e7u le label europ\u00e9en qui r\u00e9compense l&rsquo;excellence du travail men\u00e9. Encore une fois, f\u00e9licitations aux \u00e9l\u00e8ves !<\/p>\n<p>&nbsp;<\/p>\n<p><img loading=\"lazy\" decoding=\"async\" class=\"alignnone size-large wp-image-8537\" src=\"https:\/\/lyceemauriac.fr\/wp-content\/uploads\/2021\/10\/label-europeen-1024x723.png\" alt=\"\" width=\"640\" height=\"452\" srcset=\"https:\/\/lyceemauriac.fr\/wp-content\/uploads\/2021\/10\/label-europeen-1024x723.png 1024w, https:\/\/lyceemauriac.fr\/wp-content\/uploads\/2021\/10\/label-europeen-200x141.png 200w, https:\/\/lyceemauriac.fr\/wp-content\/uploads\/2021\/10\/label-europeen-768x542.png 768w, https:\/\/lyceemauriac.fr\/wp-content\/uploads\/2021\/10\/label-europeen-354x250.png 354w, https:\/\/lyceemauriac.fr\/wp-content\/uploads\/2021\/10\/label-europeen.png 1116w\" sizes=\"auto, (max-width: 640px) 100vw, 640px\" \/><img loading=\"lazy\" decoding=\"async\" class=\"alignnone size-large wp-image-8536\" src=\"https:\/\/lyceemauriac.fr\/wp-content\/uploads\/2021\/10\/label-europeen-valores-1024x725.png\" alt=\"\" width=\"640\" height=\"453\" srcset=\"https:\/\/lyceemauriac.fr\/wp-content\/uploads\/2021\/10\/label-europeen-valores-1024x725.png 1024w, https:\/\/lyceemauriac.fr\/wp-content\/uploads\/2021\/10\/label-europeen-valores-200x142.png 200w, https:\/\/lyceemauriac.fr\/wp-content\/uploads\/2021\/10\/label-europeen-valores-768x544.png 768w, https:\/\/lyceemauriac.fr\/wp-content\/uploads\/2021\/10\/label-europeen-valores-353x250.png 353w, https:\/\/lyceemauriac.fr\/wp-content\/uploads\/2021\/10\/label-europeen-valores.png 1106w\" sizes=\"auto, (max-width: 640px) 100vw, 640px\" \/><\/p>\n<p>&nbsp;<\/p>\n","protected":false},"excerpt":{"rendered":"<p>Apr\u00e8s le label de qualit\u00e9 national, les deux projets eTwinning de l&rsquo;an dernier Somos europeos, \u00bfsomos parecidos?\u00a0et\u00a0Valores y emociones: \u00bfqu\u00e9 y c\u00f3mo afectan a los j\u00f3venes? ont, cette fois-ci, re\u00e7u le label europ\u00e9en qui r\u00e9compense l&rsquo;excellence du travail men\u00e9. Encore une fois, f\u00e9licitations aux \u00e9l\u00e8ves ! &nbsp; &nbsp;<\/p>\n","protected":false},"author":55,"featured_media":8538,"comment_status":"closed","ping_status":"open","sticky":false,"template":"","format":"standard","meta":{"footnotes":""},"categories":[59],"tags":[],"class_list":["post-8535","post","type-post","status-publish","format-standard","has-post-thumbnail","hentry","category-espagnol"],"_links":{"self":[{"href":"https:\/\/lyceemauriac.fr\/index.php\/wp-json\/wp\/v2\/posts\/8535","targetHints":{"allow":["GET"]}}],"collection":[{"href":"https:\/\/lyceemauriac.fr\/index.php\/wp-json\/wp\/v2\/posts"}],"about":[{"href":"https:\/\/lyceemauriac.fr\/index.php\/wp-json\/wp\/v2\/types\/post"}],"author":[{"embeddable":true,"href":"https:\/\/lyceemauriac.fr\/index.php\/wp-json\/wp\/v2\/users\/55"}],"replies":[{"embeddable":true,"href":"https:\/\/lyceemauriac.fr\/index.php\/wp-json\/wp\/v2\/comments?post=8535"}],"version-history":[{"count":3,"href":"https:\/\/lyceemauriac.fr\/index.php\/wp-json\/wp\/v2\/posts\/8535\/revisions"}],"predecessor-version":[{"id":8541,"href":"https:\/\/lyceemauriac.fr\/index.php\/wp-json\/wp\/v2\/posts\/8535\/revisions\/8541"}],"wp:featuredmedia":[{"embeddable":true,"href":"https:\/\/lyceemauriac.fr\/index.php\/wp-json\/wp\/v2\/media\/8538"}],"wp:attachment":[{"href":"https:\/\/lyceemauriac.fr\/index.php\/wp-json\/wp\/v2\/media?parent=8535"}],"wp:term":[{"taxonomy":"category","embeddable":true,"href":"https:\/\/lyceemauriac.fr\/index.php\/wp-json\/wp\/v2\/categories?post=8535"},{"taxonomy":"post_tag","embeddable":true,"href":"https:\/\/lyceemauriac.fr\/index.php\/wp-json\/wp\/v2\/tags?post=8535"}],"curies":[{"name":"wp","href":"https:\/\/api.w.org\/{rel}","templated":true}]}}