{"id":8555,"date":"2021-11-19T14:21:05","date_gmt":"2021-11-19T13:21:05","guid":{"rendered":"https:\/\/lyceemauriac.fr\/?p=8555"},"modified":"2021-11-30T10:28:25","modified_gmt":"2021-11-30T09:28:25","slug":"operation-sakado","status":"publish","type":"post","link":"https:\/\/lyceemauriac.fr\/index.php\/2021\/11\/19\/operation-sakado\/","title":{"rendered":"Op\u00e9ration Sakado"},"content":{"rendered":"<p>Gr\u00e2ce a un don de l&rsquo;AIPE : la Maison Des Lyc\u00e9ens et la classe des 217 sont fiers de se lier \u00e0 l&rsquo;association Sakado. Cette association \u00e0 pour but de r\u00e9unir des dons (v\u00eatements chauds, kit hygi\u00e8ne&#8230;) et de constituer des sacs \u00e0 dos pour ensuite les donner \u00e0 des personnes dans le besoin pendant cette p\u00e9riode de f\u00eates de fin d&rsquo;ann\u00e9e.<\/p>\n<p>Une collecte pendant laquelle chaque lyc\u00e9en.ne pourra participer en apportant des fournitures (vous trouverez la liste ci-jointe) sera organis\u00e9e. Elle aura lieu du <strong>lundi 22 novembre au vendredi 3 d\u00e9cembre inclus.<\/strong><\/p>\n<p>Les lyc\u00e9en.ne.s peuvent ramener plusieurs types d&rsquo;objets :<\/p>\n<iframe loading=\"lazy\" class=\"pdfjs-viewer\" width=\"649px\" height=\"800px\" src=\"https:\/\/lyceemauriac.fr\/wp-content\/plugins\/pdf-viewer\/stable\/web\/viewer.html?file=https:\/\/lyceemauriac.fr\/wp-content\/uploads\/2021\/11\/sakado-liste.pdf\"><\/iframe> \n<p><a href=\"https:\/\/lyceemauriac.fr\/wp-content\/uploads\/2021\/11\/sakado-liste.pdf\" class=\"mtli_attachment mtli_pdf\">sakado liste<\/a><\/p>\n<p>Vous pourrez d\u00e9poser le fournitures \u00e0 la MDL, \u00e0 la vie scolaire ou encore \u00e0 l&rsquo;accueil o\u00f9 seront plac\u00e9s des cartons.<\/p>\n<p style=\"text-align: center;\"><strong>Nous comptons sur vous et votre g\u00e9n\u00e9rosit\u00e9<\/strong> \ud83d\ude42<\/p>\n<p>Nous remercions encore l&rsquo;AIPE (association de parents d&rsquo;\u00e9l\u00e8ves) pour son don qui nous permet de concr\u00e9tiser cette action.<\/p>\n<p style=\"text-align: right;\">La MDL<\/p>\n<p>&nbsp;<\/p>\n<p><img loading=\"lazy\" decoding=\"async\" class=\"wp-image-8602 aligncenter\" src=\"https:\/\/lyceemauriac.fr\/wp-content\/uploads\/2021\/11\/IMG_1112-768x1024.jpg\" alt=\"\" width=\"440\" height=\"587\" srcset=\"https:\/\/lyceemauriac.fr\/wp-content\/uploads\/2021\/11\/IMG_1112-768x1024.jpg 768w, https:\/\/lyceemauriac.fr\/wp-content\/uploads\/2021\/11\/IMG_1112-150x200.jpg 150w, https:\/\/lyceemauriac.fr\/wp-content\/uploads\/2021\/11\/IMG_1112-1152x1536.jpg 1152w, https:\/\/lyceemauriac.fr\/wp-content\/uploads\/2021\/11\/IMG_1112-1536x2048.jpg 1536w, https:\/\/lyceemauriac.fr\/wp-content\/uploads\/2021\/11\/IMG_1112-188x250.jpg 188w, https:\/\/lyceemauriac.fr\/wp-content\/uploads\/2021\/11\/IMG_1112-scaled.jpg 1920w\" sizes=\"auto, (max-width: 440px) 100vw, 440px\" \/><\/p>\n<p>&nbsp;<\/p>\n","protected":false},"excerpt":{"rendered":"<p>Gr\u00e2ce a un don de l&rsquo;AIPE : la Maison Des Lyc\u00e9ens et la classe des 217 sont fiers de se lier \u00e0 l&rsquo;association Sakado. Cette association \u00e0 pour but de r\u00e9unir des dons (v\u00eatements chauds, kit hygi\u00e8ne&#8230;) et de constituer des sacs \u00e0 dos pour ensuite les donner \u00e0 des personnes dans le besoin pendant [&hellip;]<\/p>\n","protected":false},"author":16,"featured_media":8560,"comment_status":"closed","ping_status":"open","sticky":false,"template":"","format":"standard","meta":{"footnotes":""},"categories":[1,14],"tags":[],"class_list":["post-8555","post","type-post","status-publish","format-standard","has-post-thumbnail","hentry","category-non-classe","category-mdl"],"_links":{"self":[{"href":"https:\/\/lyceemauriac.fr\/index.php\/wp-json\/wp\/v2\/posts\/8555","targetHints":{"allow":["GET"]}}],"collection":[{"href":"https:\/\/lyceemauriac.fr\/index.php\/wp-json\/wp\/v2\/posts"}],"about":[{"href":"https:\/\/lyceemauriac.fr\/index.php\/wp-json\/wp\/v2\/types\/post"}],"author":[{"embeddable":true,"href":"https:\/\/lyceemauriac.fr\/index.php\/wp-json\/wp\/v2\/users\/16"}],"replies":[{"embeddable":true,"href":"https:\/\/lyceemauriac.fr\/index.php\/wp-json\/wp\/v2\/comments?post=8555"}],"version-history":[{"count":13,"href":"https:\/\/lyceemauriac.fr\/index.php\/wp-json\/wp\/v2\/posts\/8555\/revisions"}],"predecessor-version":[{"id":8604,"href":"https:\/\/lyceemauriac.fr\/index.php\/wp-json\/wp\/v2\/posts\/8555\/revisions\/8604"}],"wp:featuredmedia":[{"embeddable":true,"href":"https:\/\/lyceemauriac.fr\/index.php\/wp-json\/wp\/v2\/media\/8560"}],"wp:attachment":[{"href":"https:\/\/lyceemauriac.fr\/index.php\/wp-json\/wp\/v2\/media?parent=8555"}],"wp:term":[{"taxonomy":"category","embeddable":true,"href":"https:\/\/lyceemauriac.fr\/index.php\/wp-json\/wp\/v2\/categories?post=8555"},{"taxonomy":"post_tag","embeddable":true,"href":"https:\/\/lyceemauriac.fr\/index.php\/wp-json\/wp\/v2\/tags?post=8555"}],"curies":[{"name":"wp","href":"https:\/\/api.w.org\/{rel}","templated":true}]}}