{"id":8763,"date":"2022-01-10T18:13:17","date_gmt":"2022-01-10T17:13:17","guid":{"rendered":"https:\/\/lyceemauriac.fr\/?p=8763"},"modified":"2022-01-10T18:16:10","modified_gmt":"2022-01-10T17:16:10","slug":"8763","status":"publish","type":"post","link":"https:\/\/lyceemauriac.fr\/index.php\/2022\/01\/10\/8763\/","title":{"rendered":"Projet eTwinning: \u00ab\u00a0tchat\u00a0\u00bb avec les partenaires espagnols"},"content":{"rendered":"<p>Ce lundi 10 janvier, dans le cadre de leur projet eTwinning, les \u00e9l\u00e8ves de Seconde de la section euro espagnol, accompagn\u00e9s de leurs professeurs de DNL et d&rsquo;espagnol, ont particip\u00e9 \u00e0 une s\u00e9ance de \u00ab\u00a0tchat\u00a0\u00bb avec leurs partenaires de Valencia. Ils ont \u00e9chang\u00e9 autour du recyclage dans leur pays et ont jou\u00e9 \u00e0 un Kahoot! en direct afin de v\u00e9rifier l&rsquo;acquisition des connaissances sur la th\u00e9matique du projet: \u00ab\u00a0Otro mundo es posible: nuestro medio natural\u00a0\u00bb.<\/p>\n<p>Plusieurs travaux d&rsquo;\u00e9l\u00e8ves ont d\u00e9j\u00e0 \u00e9t\u00e9 publi\u00e9s dans un livre num\u00e9rique sur le TwinSpace: <a href=\"https:\/\/twinspace.etwinning.net\/189105\/home\">https:\/\/twinspace.etwinning.net\/189105\/home<\/a><\/p>\n<p><img loading=\"lazy\" decoding=\"async\" class=\"wp-image-8766 alignleft\" src=\"https:\/\/lyceemauriac.fr\/wp-content\/uploads\/2022\/01\/Photo.png\" alt=\"\" width=\"314\" height=\"241\" srcset=\"https:\/\/lyceemauriac.fr\/wp-content\/uploads\/2022\/01\/Photo.png 820w, https:\/\/lyceemauriac.fr\/wp-content\/uploads\/2022\/01\/Photo-200x153.png 200w, https:\/\/lyceemauriac.fr\/wp-content\/uploads\/2022\/01\/Photo-768x589.png 768w, https:\/\/lyceemauriac.fr\/wp-content\/uploads\/2022\/01\/Photo-326x250.png 326w\" sizes=\"auto, (max-width: 314px) 100vw, 314px\" \/><img loading=\"lazy\" decoding=\"async\" class=\"alignnone size-large wp-image-8764\" src=\"https:\/\/lyceemauriac.fr\/wp-content\/uploads\/2022\/01\/Capture-decran-2022-01-10-125437.png\" alt=\"\" width=\"327\" height=\"237\" srcset=\"https:\/\/lyceemauriac.fr\/wp-content\/uploads\/2022\/01\/Capture-decran-2022-01-10-125437.png 327w, https:\/\/lyceemauriac.fr\/wp-content\/uploads\/2022\/01\/Capture-decran-2022-01-10-125437-200x145.png 200w\" sizes=\"auto, (max-width: 327px) 100vw, 327px\" \/><\/p>\n<p>&nbsp;<\/p>\n","protected":false},"excerpt":{"rendered":"<p>Ce lundi 10 janvier, dans le cadre de leur projet eTwinning, les \u00e9l\u00e8ves de Seconde de la section euro espagnol, accompagn\u00e9s de leurs professeurs de DNL et d&rsquo;espagnol, ont particip\u00e9 \u00e0 une s\u00e9ance de \u00ab\u00a0tchat\u00a0\u00bb avec leurs partenaires de Valencia. Ils ont \u00e9chang\u00e9 autour du recyclage dans leur pays et ont jou\u00e9 \u00e0 un Kahoot! [&hellip;]<\/p>\n","protected":false},"author":55,"featured_media":8538,"comment_status":"closed","ping_status":"open","sticky":false,"template":"","format":"standard","meta":{"footnotes":""},"categories":[59],"tags":[],"class_list":["post-8763","post","type-post","status-publish","format-standard","has-post-thumbnail","hentry","category-espagnol"],"_links":{"self":[{"href":"https:\/\/lyceemauriac.fr\/index.php\/wp-json\/wp\/v2\/posts\/8763","targetHints":{"allow":["GET"]}}],"collection":[{"href":"https:\/\/lyceemauriac.fr\/index.php\/wp-json\/wp\/v2\/posts"}],"about":[{"href":"https:\/\/lyceemauriac.fr\/index.php\/wp-json\/wp\/v2\/types\/post"}],"author":[{"embeddable":true,"href":"https:\/\/lyceemauriac.fr\/index.php\/wp-json\/wp\/v2\/users\/55"}],"replies":[{"embeddable":true,"href":"https:\/\/lyceemauriac.fr\/index.php\/wp-json\/wp\/v2\/comments?post=8763"}],"version-history":[{"count":5,"href":"https:\/\/lyceemauriac.fr\/index.php\/wp-json\/wp\/v2\/posts\/8763\/revisions"}],"predecessor-version":[{"id":8771,"href":"https:\/\/lyceemauriac.fr\/index.php\/wp-json\/wp\/v2\/posts\/8763\/revisions\/8771"}],"wp:featuredmedia":[{"embeddable":true,"href":"https:\/\/lyceemauriac.fr\/index.php\/wp-json\/wp\/v2\/media\/8538"}],"wp:attachment":[{"href":"https:\/\/lyceemauriac.fr\/index.php\/wp-json\/wp\/v2\/media?parent=8763"}],"wp:term":[{"taxonomy":"category","embeddable":true,"href":"https:\/\/lyceemauriac.fr\/index.php\/wp-json\/wp\/v2\/categories?post=8763"},{"taxonomy":"post_tag","embeddable":true,"href":"https:\/\/lyceemauriac.fr\/index.php\/wp-json\/wp\/v2\/tags?post=8763"}],"curies":[{"name":"wp","href":"https:\/\/api.w.org\/{rel}","templated":true}]}}