{"id":8817,"date":"2022-01-19T10:17:57","date_gmt":"2022-01-19T09:17:57","guid":{"rendered":"https:\/\/lyceemauriac.fr\/?p=8817"},"modified":"2022-01-19T10:17:57","modified_gmt":"2022-01-19T09:17:57","slug":"26-janvier-un-webinaire-pour-lorientation","status":"publish","type":"post","link":"https:\/\/lyceemauriac.fr\/index.php\/2022\/01\/19\/26-janvier-un-webinaire-pour-lorientation\/","title":{"rendered":"26 janvier : un webinaire pour l&rsquo;orientation"},"content":{"rendered":"<div class=\"blogpost-detail__excerpt\">FUN (France Universit\u00e9 Num\u00e9rique) organise une journ\u00e9e de webinaires pour faire d\u00e9couvrir les MOOC d\u2019orientation aux lyc\u00e9ens, aux coll\u00e9giens, \u00e0 leurs parents et aux \u00e9quipes \u00e9ducatives : profitez-en !<\/div>\n<div class=\"blogpost-detail__body\">\n<div class=\"rich-text-container\">\n<p>Une premi\u00e8re journ\u00e9e de webinaires a eu lieu le 17 novembre dernier, comptabilisant au total 5094 participants. Fort de ce succ\u00e8s, une nouvelle journ\u00e9e est organis\u00e9e\u00a0<strong>le 26 janvier prochain de 10h \u00e0 19h\u00a0<\/strong>\u00e0 destination des lyc\u00e9ennes et lyc\u00e9ens, des coll\u00e9giens de troisi\u00e8me, de leurs parents, mais aussi des \u00e9quipes \u00e9ducatives afin qu\u2019ils puissent, \u00e0 leur tour, poser toutes les questions qu\u2019ils souhaitent concernant les MOOC d\u2019orientation.<br \/>\nDurant cette journ\u00e9e, les \u00e9quipes p\u00e9dagogiques des MOOC d\u2019orientation pourront revenir sur les sp\u00e9cificit\u00e9s propres aux diff\u00e9rents parcours d\u2019orientation et r\u00e9pondre aux interrogations que les \u00e9l\u00e8ves peuvent se poser \u00e0 cette \u00e9tape charni\u00e8re de leurs vies.<\/p>\n<p>Tous les renseignements sont disponibles ici :<\/p>\n<p><a href=\"https:\/\/www.fun-mooc.fr\/fr\/actualites\/le-26-janvier-inscrivez-vous-aux-19-webinaires-autour-des-mooc-d\/\">https:\/\/www.fun-mooc.fr\/fr\/actualites\/le-26-janvier-inscrivez-vous-aux-19-webinaires-autour-des-mooc-d\/<\/a><\/p>\n<\/div>\n<\/div>\n","protected":false},"excerpt":{"rendered":"<p>FUN (France Universit\u00e9 Num\u00e9rique) organise une journ\u00e9e de webinaires pour faire d\u00e9couvrir les MOOC d\u2019orientation aux lyc\u00e9ens, aux coll\u00e9giens, \u00e0 leurs parents et aux \u00e9quipes \u00e9ducatives : profitez-en ! Une premi\u00e8re journ\u00e9e de webinaires a eu lieu le 17 novembre dernier, comptabilisant au total 5094 participants. Fort de ce succ\u00e8s, une nouvelle journ\u00e9e est organis\u00e9e\u00a0le [&hellip;]<\/p>\n","protected":false},"author":2,"featured_media":8818,"comment_status":"closed","ping_status":"open","sticky":false,"template":"","format":"standard","meta":{"footnotes":""},"categories":[18],"tags":[],"class_list":["post-8817","post","type-post","status-publish","format-standard","has-post-thumbnail","hentry","category-orientation"],"_links":{"self":[{"href":"https:\/\/lyceemauriac.fr\/index.php\/wp-json\/wp\/v2\/posts\/8817","targetHints":{"allow":["GET"]}}],"collection":[{"href":"https:\/\/lyceemauriac.fr\/index.php\/wp-json\/wp\/v2\/posts"}],"about":[{"href":"https:\/\/lyceemauriac.fr\/index.php\/wp-json\/wp\/v2\/types\/post"}],"author":[{"embeddable":true,"href":"https:\/\/lyceemauriac.fr\/index.php\/wp-json\/wp\/v2\/users\/2"}],"replies":[{"embeddable":true,"href":"https:\/\/lyceemauriac.fr\/index.php\/wp-json\/wp\/v2\/comments?post=8817"}],"version-history":[{"count":1,"href":"https:\/\/lyceemauriac.fr\/index.php\/wp-json\/wp\/v2\/posts\/8817\/revisions"}],"predecessor-version":[{"id":8819,"href":"https:\/\/lyceemauriac.fr\/index.php\/wp-json\/wp\/v2\/posts\/8817\/revisions\/8819"}],"wp:featuredmedia":[{"embeddable":true,"href":"https:\/\/lyceemauriac.fr\/index.php\/wp-json\/wp\/v2\/media\/8818"}],"wp:attachment":[{"href":"https:\/\/lyceemauriac.fr\/index.php\/wp-json\/wp\/v2\/media?parent=8817"}],"wp:term":[{"taxonomy":"category","embeddable":true,"href":"https:\/\/lyceemauriac.fr\/index.php\/wp-json\/wp\/v2\/categories?post=8817"},{"taxonomy":"post_tag","embeddable":true,"href":"https:\/\/lyceemauriac.fr\/index.php\/wp-json\/wp\/v2\/tags?post=8817"}],"curies":[{"name":"wp","href":"https:\/\/api.w.org\/{rel}","templated":true}]}}