{"id":8977,"date":"2022-03-04T10:48:59","date_gmt":"2022-03-04T09:48:59","guid":{"rendered":"https:\/\/lyceemauriac.fr\/?p=8977"},"modified":"2022-03-04T10:51:35","modified_gmt":"2022-03-04T09:51:35","slug":"orientation-apres-la-seconde-diaporama","status":"publish","type":"post","link":"https:\/\/lyceemauriac.fr\/index.php\/2022\/03\/04\/orientation-apres-la-seconde-diaporama\/","title":{"rendered":"Orientation apr\u00e8s la Seconde : diaporama"},"content":{"rendered":"<p>Vous pouvez retrouver ci-dessous le diaporama projet\u00e9 lors des deux visio-conf\u00e9rences sur l&rsquo;orientation apr\u00e8s la Seconde, qui se sont d\u00e9roul\u00e9es cette semaine.<\/p>\n<p><iframe loading=\"lazy\" src=\"https:\/\/docs.google.com\/presentation\/d\/e\/2PACX-1vSJfl0NNtdgbJr2h9TtXIbU_XxaNoq7KM9nEP2vZuMrZwTznmZkU-hbZk5TDj5bHw\/embed?start=false&#038;loop=false&#038;delayms=3000\" frameborder=\"0\" width=\"960\" height=\"749\" allowfullscreen=\"true\" mozallowfullscreen=\"true\" webkitallowfullscreen=\"true\"><\/iframe><\/p>\n","protected":false},"excerpt":{"rendered":"<p>Vous pouvez retrouver ci-dessous le diaporama projet\u00e9 lors des deux visio-conf\u00e9rences sur l&rsquo;orientation apr\u00e8s la Seconde, qui se sont d\u00e9roul\u00e9es cette semaine.<\/p>\n","protected":false},"author":2,"featured_media":8979,"comment_status":"closed","ping_status":"open","sticky":false,"template":"","format":"standard","meta":{"footnotes":""},"categories":[18],"tags":[],"class_list":["post-8977","post","type-post","status-publish","format-standard","has-post-thumbnail","hentry","category-orientation"],"_links":{"self":[{"href":"https:\/\/lyceemauriac.fr\/index.php\/wp-json\/wp\/v2\/posts\/8977","targetHints":{"allow":["GET"]}}],"collection":[{"href":"https:\/\/lyceemauriac.fr\/index.php\/wp-json\/wp\/v2\/posts"}],"about":[{"href":"https:\/\/lyceemauriac.fr\/index.php\/wp-json\/wp\/v2\/types\/post"}],"author":[{"embeddable":true,"href":"https:\/\/lyceemauriac.fr\/index.php\/wp-json\/wp\/v2\/users\/2"}],"replies":[{"embeddable":true,"href":"https:\/\/lyceemauriac.fr\/index.php\/wp-json\/wp\/v2\/comments?post=8977"}],"version-history":[{"count":1,"href":"https:\/\/lyceemauriac.fr\/index.php\/wp-json\/wp\/v2\/posts\/8977\/revisions"}],"predecessor-version":[{"id":8978,"href":"https:\/\/lyceemauriac.fr\/index.php\/wp-json\/wp\/v2\/posts\/8977\/revisions\/8978"}],"wp:featuredmedia":[{"embeddable":true,"href":"https:\/\/lyceemauriac.fr\/index.php\/wp-json\/wp\/v2\/media\/8979"}],"wp:attachment":[{"href":"https:\/\/lyceemauriac.fr\/index.php\/wp-json\/wp\/v2\/media?parent=8977"}],"wp:term":[{"taxonomy":"category","embeddable":true,"href":"https:\/\/lyceemauriac.fr\/index.php\/wp-json\/wp\/v2\/categories?post=8977"},{"taxonomy":"post_tag","embeddable":true,"href":"https:\/\/lyceemauriac.fr\/index.php\/wp-json\/wp\/v2\/tags?post=8977"}],"curies":[{"name":"wp","href":"https:\/\/api.w.org\/{rel}","templated":true}]}}