{"id":9089,"date":"2022-03-17T16:02:57","date_gmt":"2022-03-17T15:02:57","guid":{"rendered":"https:\/\/lyceemauriac.fr\/?p=9089"},"modified":"2022-03-24T11:03:58","modified_gmt":"2022-03-24T10:03:58","slug":"salon-des-licences-professionnelles-2","status":"publish","type":"post","link":"https:\/\/lyceemauriac.fr\/index.php\/2022\/03\/17\/salon-des-licences-professionnelles-2\/","title":{"rendered":"Salon des Licences Professionnelles"},"content":{"rendered":"<p>Les \u00e9tudiants de BTS CG2 ont particip\u00e9 au salon des licences professionnelles organis\u00e9 au P\u00f4le Universitaire de Gestion de la BASTIDE, jeudi 17 mars 2022.<\/p>\n<p>Ils ont ainsi pu \u00e9changer avec des professeurs afin de pr\u00e9parer leur poursuite d&rsquo;\u00e9tudes.<\/p>\n<p>&nbsp;<\/p>\n","protected":false},"excerpt":{"rendered":"<p>Les \u00e9tudiants de BTS CG2 ont particip\u00e9 au salon des licences professionnelles organis\u00e9 au P\u00f4le Universitaire de Gestion de la BASTIDE, jeudi 17 mars 2022. Ils ont ainsi pu \u00e9changer avec des professeurs afin de pr\u00e9parer leur poursuite d&rsquo;\u00e9tudes. &nbsp;<\/p>\n","protected":false},"author":31,"featured_media":9083,"comment_status":"closed","ping_status":"open","sticky":false,"template":"","format":"standard","meta":{"footnotes":""},"categories":[35],"tags":[],"class_list":["post-9089","post","type-post","status-publish","format-standard","has-post-thumbnail","hentry","category-bts_cg"],"_links":{"self":[{"href":"https:\/\/lyceemauriac.fr\/index.php\/wp-json\/wp\/v2\/posts\/9089","targetHints":{"allow":["GET"]}}],"collection":[{"href":"https:\/\/lyceemauriac.fr\/index.php\/wp-json\/wp\/v2\/posts"}],"about":[{"href":"https:\/\/lyceemauriac.fr\/index.php\/wp-json\/wp\/v2\/types\/post"}],"author":[{"embeddable":true,"href":"https:\/\/lyceemauriac.fr\/index.php\/wp-json\/wp\/v2\/users\/31"}],"replies":[{"embeddable":true,"href":"https:\/\/lyceemauriac.fr\/index.php\/wp-json\/wp\/v2\/comments?post=9089"}],"version-history":[{"count":2,"href":"https:\/\/lyceemauriac.fr\/index.php\/wp-json\/wp\/v2\/posts\/9089\/revisions"}],"predecessor-version":[{"id":9102,"href":"https:\/\/lyceemauriac.fr\/index.php\/wp-json\/wp\/v2\/posts\/9089\/revisions\/9102"}],"wp:featuredmedia":[{"embeddable":true,"href":"https:\/\/lyceemauriac.fr\/index.php\/wp-json\/wp\/v2\/media\/9083"}],"wp:attachment":[{"href":"https:\/\/lyceemauriac.fr\/index.php\/wp-json\/wp\/v2\/media?parent=9089"}],"wp:term":[{"taxonomy":"category","embeddable":true,"href":"https:\/\/lyceemauriac.fr\/index.php\/wp-json\/wp\/v2\/categories?post=9089"},{"taxonomy":"post_tag","embeddable":true,"href":"https:\/\/lyceemauriac.fr\/index.php\/wp-json\/wp\/v2\/tags?post=9089"}],"curies":[{"name":"wp","href":"https:\/\/api.w.org\/{rel}","templated":true}]}}