{"id":9103,"date":"2022-03-30T11:35:02","date_gmt":"2022-03-30T09:35:02","guid":{"rendered":"https:\/\/lyceemauriac.fr\/?p=9103"},"modified":"2022-03-30T11:35:02","modified_gmt":"2022-03-30T09:35:02","slug":"visite-de-deux-developpeurs-en-terminale-nsi","status":"publish","type":"post","link":"https:\/\/lyceemauriac.fr\/index.php\/2022\/03\/30\/visite-de-deux-developpeurs-en-terminale-nsi\/","title":{"rendered":"Visite de deux d\u00e9veloppeurs en Terminale NSI"},"content":{"rendered":"<p>Mardi 29 Mars, le groupe de Terminale NSI a re\u00e7u la visite de deux d\u00e9veloppeurs de la soci\u00e9t\u00e9 <a href=\"https:\/\/zenika.com\/agency\/bordeaux\">Zenika<\/a>, venus pr\u00e9senter les multiples facettes du m\u00e9tier de d\u00e9veloppeuse \/ d\u00e9veloppeur en informatique.<\/p>\n<p>Apr\u00e8s avoir \u00e9voqu\u00e9 le quotidien d&rsquo;un d\u00e9veloppeur en mission dans une soci\u00e9t\u00e9, ils ont fait travailler les \u00e9l\u00e8ves sur un probl\u00e8me concret qui a mis en lumi\u00e8re les diff\u00e9rentes pratiques d&rsquo;\u00e9criture du code.<\/p>\n<p>Un grand merci \u00e0 Fr\u00e9d\u00e9ric Faure et \u00e0 Yoann Bourdex pour leur visite.<\/p>\n<p><em>(cr\u00e9dit photo : Th\u00e9o Ameeuw)<\/em><\/p>\n<p><a href=\"https:\/\/lyceemauriac.fr\/wp-content\/uploads\/2022\/03\/mindmap.jpg\"><img loading=\"lazy\" decoding=\"async\" class=\"aligncenter size-full wp-image-9105\" src=\"https:\/\/lyceemauriac.fr\/wp-content\/uploads\/2022\/03\/mindmap.jpg\" alt=\"\" width=\"1256\" height=\"1416\" srcset=\"https:\/\/lyceemauriac.fr\/wp-content\/uploads\/2022\/03\/mindmap.jpg 1256w, https:\/\/lyceemauriac.fr\/wp-content\/uploads\/2022\/03\/mindmap-177x200.jpg 177w, https:\/\/lyceemauriac.fr\/wp-content\/uploads\/2022\/03\/mindmap-908x1024.jpg 908w, https:\/\/lyceemauriac.fr\/wp-content\/uploads\/2022\/03\/mindmap-768x866.jpg 768w, https:\/\/lyceemauriac.fr\/wp-content\/uploads\/2022\/03\/mindmap-222x250.jpg 222w\" sizes=\"auto, (max-width: 1256px) 100vw, 1256px\" \/><\/a><\/p>\n","protected":false},"excerpt":{"rendered":"<p>Mardi 29 Mars, le groupe de Terminale NSI a re\u00e7u la visite de deux d\u00e9veloppeurs de la soci\u00e9t\u00e9 Zenika, venus pr\u00e9senter les multiples facettes du m\u00e9tier de d\u00e9veloppeuse \/ d\u00e9veloppeur en informatique. Apr\u00e8s avoir \u00e9voqu\u00e9 le quotidien d&rsquo;un d\u00e9veloppeur en mission dans une soci\u00e9t\u00e9, ils ont fait travailler les \u00e9l\u00e8ves sur un probl\u00e8me concret qui [&hellip;]<\/p>\n","protected":false},"author":2,"featured_media":9104,"comment_status":"closed","ping_status":"open","sticky":false,"template":"","format":"standard","meta":{"footnotes":""},"categories":[7],"tags":[],"class_list":["post-9103","post","type-post","status-publish","format-standard","has-post-thumbnail","hentry","category-formations"],"_links":{"self":[{"href":"https:\/\/lyceemauriac.fr\/index.php\/wp-json\/wp\/v2\/posts\/9103","targetHints":{"allow":["GET"]}}],"collection":[{"href":"https:\/\/lyceemauriac.fr\/index.php\/wp-json\/wp\/v2\/posts"}],"about":[{"href":"https:\/\/lyceemauriac.fr\/index.php\/wp-json\/wp\/v2\/types\/post"}],"author":[{"embeddable":true,"href":"https:\/\/lyceemauriac.fr\/index.php\/wp-json\/wp\/v2\/users\/2"}],"replies":[{"embeddable":true,"href":"https:\/\/lyceemauriac.fr\/index.php\/wp-json\/wp\/v2\/comments?post=9103"}],"version-history":[{"count":1,"href":"https:\/\/lyceemauriac.fr\/index.php\/wp-json\/wp\/v2\/posts\/9103\/revisions"}],"predecessor-version":[{"id":9106,"href":"https:\/\/lyceemauriac.fr\/index.php\/wp-json\/wp\/v2\/posts\/9103\/revisions\/9106"}],"wp:featuredmedia":[{"embeddable":true,"href":"https:\/\/lyceemauriac.fr\/index.php\/wp-json\/wp\/v2\/media\/9104"}],"wp:attachment":[{"href":"https:\/\/lyceemauriac.fr\/index.php\/wp-json\/wp\/v2\/media?parent=9103"}],"wp:term":[{"taxonomy":"category","embeddable":true,"href":"https:\/\/lyceemauriac.fr\/index.php\/wp-json\/wp\/v2\/categories?post=9103"},{"taxonomy":"post_tag","embeddable":true,"href":"https:\/\/lyceemauriac.fr\/index.php\/wp-json\/wp\/v2\/tags?post=9103"}],"curies":[{"name":"wp","href":"https:\/\/api.w.org\/{rel}","templated":true}]}}