{"id":9110,"date":"2022-03-31T22:13:18","date_gmt":"2022-03-31T20:13:18","guid":{"rendered":"https:\/\/lyceemauriac.fr\/?p=9110"},"modified":"2022-03-31T22:13:18","modified_gmt":"2022-03-31T20:13:18","slug":"4eme-aux-championnats-academiques-de-course-dorientation-dordogne","status":"publish","type":"post","link":"https:\/\/lyceemauriac.fr\/index.php\/2022\/03\/31\/4eme-aux-championnats-academiques-de-course-dorientation-dordogne\/","title":{"rendered":"4\u00e8me aux Championnats Acad\u00e9miques de Course d&rsquo;Orientation &#8211; Dordogne"},"content":{"rendered":"<p>Les 4 fantastiques (Nathan, Estelle, Camille et Liam) \u00e9taient de sortie ce mercredi pour les championnats acad\u00e9miques de Course d&rsquo;orientation \u00e0 Beaupouyet en Dordogne, accompagn\u00e9s par 2 supers coachs (Loic et Jeanne).<\/p>\n<p>Bilan des 2 courses de la journ\u00e9e, une magnifique 4\u00e8me place jamais atteinte pour le lyc\u00e9e dans ce championnat et une possible (mais pas encore s\u00fbre) qualification aux championnats de France. Une attitude exemplaire des nos \u00e9l\u00e8ves lors des courses associ\u00e9e \u00e0 une ambiance positive tout au long de la journ\u00e9e ont permis de faire passer une incroyable journ\u00e9e \u00e0 leur professeur!<\/p>\n<p><img loading=\"lazy\" decoding=\"async\" class=\"alignleft size-medium wp-image-9111\" src=\"https:\/\/lyceemauriac.fr\/wp-content\/uploads\/2022\/03\/20220330_161909-200x98.jpg\" alt=\"\" width=\"200\" height=\"98\" srcset=\"https:\/\/lyceemauriac.fr\/wp-content\/uploads\/2022\/03\/20220330_161909-200x98.jpg 200w, https:\/\/lyceemauriac.fr\/wp-content\/uploads\/2022\/03\/20220330_161909-1024x499.jpg 1024w, https:\/\/lyceemauriac.fr\/wp-content\/uploads\/2022\/03\/20220330_161909-768x375.jpg 768w, https:\/\/lyceemauriac.fr\/wp-content\/uploads\/2022\/03\/20220330_161909-1536x749.jpg 1536w, https:\/\/lyceemauriac.fr\/wp-content\/uploads\/2022\/03\/20220330_161909-2048x999.jpg 2048w, https:\/\/lyceemauriac.fr\/wp-content\/uploads\/2022\/03\/20220330_161909-370x180.jpg 370w\" sizes=\"auto, (max-width: 200px) 100vw, 200px\" \/><\/p>\n","protected":false},"excerpt":{"rendered":"<p>Les 4 fantastiques (Nathan, Estelle, Camille et Liam) \u00e9taient de sortie ce mercredi pour les championnats acad\u00e9miques de Course d&rsquo;orientation \u00e0 Beaupouyet en Dordogne, accompagn\u00e9s par 2 supers coachs (Loic et Jeanne). Bilan des 2 courses de la journ\u00e9e, une magnifique 4\u00e8me place jamais atteinte pour le lyc\u00e9e dans ce championnat et une possible (mais [&hellip;]<\/p>\n","protected":false},"author":46,"featured_media":9112,"comment_status":"closed","ping_status":"open","sticky":false,"template":"","format":"standard","meta":{"footnotes":""},"categories":[23,39],"tags":[],"class_list":["post-9110","post","type-post","status-publish","format-standard","has-post-thumbnail","hentry","category-association_sportive","category-zbandeau"],"_links":{"self":[{"href":"https:\/\/lyceemauriac.fr\/index.php\/wp-json\/wp\/v2\/posts\/9110","targetHints":{"allow":["GET"]}}],"collection":[{"href":"https:\/\/lyceemauriac.fr\/index.php\/wp-json\/wp\/v2\/posts"}],"about":[{"href":"https:\/\/lyceemauriac.fr\/index.php\/wp-json\/wp\/v2\/types\/post"}],"author":[{"embeddable":true,"href":"https:\/\/lyceemauriac.fr\/index.php\/wp-json\/wp\/v2\/users\/46"}],"replies":[{"embeddable":true,"href":"https:\/\/lyceemauriac.fr\/index.php\/wp-json\/wp\/v2\/comments?post=9110"}],"version-history":[{"count":1,"href":"https:\/\/lyceemauriac.fr\/index.php\/wp-json\/wp\/v2\/posts\/9110\/revisions"}],"predecessor-version":[{"id":9113,"href":"https:\/\/lyceemauriac.fr\/index.php\/wp-json\/wp\/v2\/posts\/9110\/revisions\/9113"}],"wp:featuredmedia":[{"embeddable":true,"href":"https:\/\/lyceemauriac.fr\/index.php\/wp-json\/wp\/v2\/media\/9112"}],"wp:attachment":[{"href":"https:\/\/lyceemauriac.fr\/index.php\/wp-json\/wp\/v2\/media?parent=9110"}],"wp:term":[{"taxonomy":"category","embeddable":true,"href":"https:\/\/lyceemauriac.fr\/index.php\/wp-json\/wp\/v2\/categories?post=9110"},{"taxonomy":"post_tag","embeddable":true,"href":"https:\/\/lyceemauriac.fr\/index.php\/wp-json\/wp\/v2\/tags?post=9110"}],"curies":[{"name":"wp","href":"https:\/\/api.w.org\/{rel}","templated":true}]}}