{"id":9114,"date":"2022-04-09T13:27:49","date_gmt":"2022-04-09T11:27:49","guid":{"rendered":"https:\/\/lyceemauriac.fr\/?p=9114"},"modified":"2022-04-09T18:53:28","modified_gmt":"2022-04-09T16:53:28","slug":"que-fait-on-en-nsi","status":"publish","type":"post","link":"https:\/\/lyceemauriac.fr\/index.php\/2022\/04\/09\/que-fait-on-en-nsi\/","title":{"rendered":"Que fait-on en NSI ?"},"content":{"rendered":"<p>Retrouvez ci-dessous les diff\u00e9rents diaporamas\u00a0 et vid\u00e9os projet\u00e9s lors de la Journ\u00e9e Portes Ouvertes du samedi 09 avril.<\/p>\n<p>Vous y trouverez une pr\u00e9sentation de l&rsquo;enseignement de SNT (Sciences Num\u00e9riques et Technologie, 1h30 pour tous en classe de Seconde), mais surtout des ressources concernant l&rsquo;enseignement de sp\u00e9cialit\u00e9 Num\u00e9rique et Sciences Informatiques (4h en 1\u00e8re, 6h en Terminale).<\/p>\n<p>En cas de questions, n&rsquo;h\u00e9sitez pas \u00e0 nous contacter \u00e0 l&rsquo;adresse <a href=\"mailto:informatique.mauriac@gmail.com\">informatique.mauriac@gmail.com<\/a><\/p>\n<h2>Diaporama SNT \/ NSI<\/h2>\n<p><iframe loading=\"lazy\" src=\"https:\/\/docs.google.com\/presentation\/d\/e\/2PACX-1vQNUhzjFnmnvX0uZpK-CIPoYSok3W3iGgb57DZ0ks57HgMAm7FpcZIqgYoieCJ5ug\/embed?start=false&amp;loop=false&amp;delayms=3000\" width=\"640\" height=\"389\" frameborder=\"0\" allowfullscreen=\"allowfullscreen\"><\/iframe><\/p>\n<h2>Vid\u00e9o sur les th\u00e8mes \u00e9tudi\u00e9s en NSI (1\u00e8re \/ Terminale)<\/h2>\n<p><iframe loading=\"lazy\" title=\"YouTube video player\" src=\"https:\/\/www.youtube.com\/embed\/PvpeSYVNVrE\" width=\"640\" height=\"389\" frameborder=\"0\" allowfullscreen=\"allowfullscreen\"><\/iframe><\/p>\n<h2>Les sites de travail des enseignants de NSI :<\/h2>\n<div>&#8211; <a href=\"http:\/\/yb-isn.fr\/2021\/nsi\/\">http:\/\/yb-isn.fr\/2021\/nsi\/<\/a><\/div>\n<div>&#8211; <a href=\"https:\/\/glassus.github.io\/premiere_nsi\/\">https:\/\/glassus.github.io\/premiere_nsi\/<\/a><\/div>\n<div>&#8211; <a href=\"https:\/\/glassus.github.io\/terminale_nsi\/\">https:\/\/glassus.github.io\/terminale_nsi\/<\/a><\/div>\n<div>\n<div><\/div>\n<\/div>\n<p>&nbsp;<\/p>\n<p>&nbsp;<\/p>\n","protected":false},"excerpt":{"rendered":"<p>Retrouvez ci-dessous les diff\u00e9rents diaporamas\u00a0 et vid\u00e9os projet\u00e9s lors de la Journ\u00e9e Portes Ouvertes du samedi 09 avril. Vous y trouverez une pr\u00e9sentation de l&rsquo;enseignement de SNT (Sciences Num\u00e9riques et Technologie, 1h30 pour tous en classe de Seconde), mais surtout des ressources concernant l&rsquo;enseignement de sp\u00e9cialit\u00e9 Num\u00e9rique et Sciences Informatiques (4h en 1\u00e8re, 6h en [&hellip;]<\/p>\n","protected":false},"author":2,"featured_media":9115,"comment_status":"closed","ping_status":"open","sticky":false,"template":"","format":"standard","meta":{"footnotes":""},"categories":[1],"tags":[],"class_list":["post-9114","post","type-post","status-publish","format-standard","has-post-thumbnail","hentry","category-non-classe"],"_links":{"self":[{"href":"https:\/\/lyceemauriac.fr\/index.php\/wp-json\/wp\/v2\/posts\/9114","targetHints":{"allow":["GET"]}}],"collection":[{"href":"https:\/\/lyceemauriac.fr\/index.php\/wp-json\/wp\/v2\/posts"}],"about":[{"href":"https:\/\/lyceemauriac.fr\/index.php\/wp-json\/wp\/v2\/types\/post"}],"author":[{"embeddable":true,"href":"https:\/\/lyceemauriac.fr\/index.php\/wp-json\/wp\/v2\/users\/2"}],"replies":[{"embeddable":true,"href":"https:\/\/lyceemauriac.fr\/index.php\/wp-json\/wp\/v2\/comments?post=9114"}],"version-history":[{"count":6,"href":"https:\/\/lyceemauriac.fr\/index.php\/wp-json\/wp\/v2\/posts\/9114\/revisions"}],"predecessor-version":[{"id":9122,"href":"https:\/\/lyceemauriac.fr\/index.php\/wp-json\/wp\/v2\/posts\/9114\/revisions\/9122"}],"wp:featuredmedia":[{"embeddable":true,"href":"https:\/\/lyceemauriac.fr\/index.php\/wp-json\/wp\/v2\/media\/9115"}],"wp:attachment":[{"href":"https:\/\/lyceemauriac.fr\/index.php\/wp-json\/wp\/v2\/media?parent=9114"}],"wp:term":[{"taxonomy":"category","embeddable":true,"href":"https:\/\/lyceemauriac.fr\/index.php\/wp-json\/wp\/v2\/categories?post=9114"},{"taxonomy":"post_tag","embeddable":true,"href":"https:\/\/lyceemauriac.fr\/index.php\/wp-json\/wp\/v2\/tags?post=9114"}],"curies":[{"name":"wp","href":"https:\/\/api.w.org\/{rel}","templated":true}]}}