{"id":9125,"date":"2022-04-14T15:53:25","date_gmt":"2022-04-14T13:53:25","guid":{"rendered":"https:\/\/lyceemauriac.fr\/?p=9125"},"modified":"2022-04-14T15:53:25","modified_gmt":"2022-04-14T13:53:25","slug":"autoportraits","status":"publish","type":"post","link":"https:\/\/lyceemauriac.fr\/index.php\/2022\/04\/14\/autoportraits\/","title":{"rendered":"Autoportraits"},"content":{"rendered":"<p>Fruit d&rsquo;un travail dans le cadre du festival des lyc\u00e9ens, les \u00e9l\u00e8ves de terminale de l&rsquo;option arts plastiques ont r\u00e9alis\u00e9 des autoportraits, en collaboration avec le photographe Pascal Delavergne. Se mettre en sc\u00e8ne, dans un cadre fixe, pour exprimer sa personnalit\u00e9 : pose, accessoires, v\u00eatements&#8230; r\u00e9els ou imaginaires ! A voir en ce moment au CDI<\/p>\n","protected":false},"excerpt":{"rendered":"<p>Fruit d&rsquo;un travail dans le cadre du festival des lyc\u00e9ens, les \u00e9l\u00e8ves de terminale de l&rsquo;option arts plastiques ont r\u00e9alis\u00e9 des autoportraits, en collaboration avec le photographe Pascal Delavergne. Se mettre en sc\u00e8ne, dans un cadre fixe, pour exprimer sa personnalit\u00e9 : pose, accessoires, v\u00eatements&#8230; r\u00e9els ou imaginaires ! A voir en ce moment au [&hellip;]<\/p>\n","protected":false},"author":9,"featured_media":9124,"comment_status":"closed","ping_status":"open","sticky":false,"template":"","format":"standard","meta":{"footnotes":""},"categories":[1],"tags":[],"class_list":["post-9125","post","type-post","status-publish","format-standard","has-post-thumbnail","hentry","category-non-classe"],"_links":{"self":[{"href":"https:\/\/lyceemauriac.fr\/index.php\/wp-json\/wp\/v2\/posts\/9125","targetHints":{"allow":["GET"]}}],"collection":[{"href":"https:\/\/lyceemauriac.fr\/index.php\/wp-json\/wp\/v2\/posts"}],"about":[{"href":"https:\/\/lyceemauriac.fr\/index.php\/wp-json\/wp\/v2\/types\/post"}],"author":[{"embeddable":true,"href":"https:\/\/lyceemauriac.fr\/index.php\/wp-json\/wp\/v2\/users\/9"}],"replies":[{"embeddable":true,"href":"https:\/\/lyceemauriac.fr\/index.php\/wp-json\/wp\/v2\/comments?post=9125"}],"version-history":[{"count":1,"href":"https:\/\/lyceemauriac.fr\/index.php\/wp-json\/wp\/v2\/posts\/9125\/revisions"}],"predecessor-version":[{"id":9126,"href":"https:\/\/lyceemauriac.fr\/index.php\/wp-json\/wp\/v2\/posts\/9125\/revisions\/9126"}],"wp:featuredmedia":[{"embeddable":true,"href":"https:\/\/lyceemauriac.fr\/index.php\/wp-json\/wp\/v2\/media\/9124"}],"wp:attachment":[{"href":"https:\/\/lyceemauriac.fr\/index.php\/wp-json\/wp\/v2\/media?parent=9125"}],"wp:term":[{"taxonomy":"category","embeddable":true,"href":"https:\/\/lyceemauriac.fr\/index.php\/wp-json\/wp\/v2\/categories?post=9125"},{"taxonomy":"post_tag","embeddable":true,"href":"https:\/\/lyceemauriac.fr\/index.php\/wp-json\/wp\/v2\/tags?post=9125"}],"curies":[{"name":"wp","href":"https:\/\/api.w.org\/{rel}","templated":true}]}}