{"id":9131,"date":"2022-05-02T11:50:47","date_gmt":"2022-05-02T09:50:47","guid":{"rendered":"https:\/\/lyceemauriac.fr\/?p=9131"},"modified":"2022-05-02T17:39:10","modified_gmt":"2022-05-02T15:39:10","slug":"les-1eres-euro-espagnol-jures-de-courts-metrage","status":"publish","type":"post","link":"https:\/\/lyceemauriac.fr\/index.php\/2022\/05\/02\/les-1eres-euro-espagnol-jures-de-courts-metrage\/","title":{"rendered":"Les 1\u00e8res Euro Espagnol jur\u00e9s de courts-m\u00e9trages"},"content":{"rendered":"<h2>Pr\u00e9sentation<\/h2>\n<p>L\u2019association France Am\u00e9rique Latine a propos\u00e9 \u00e0 des \u00e9l\u00e8ves de l\u2019acad\u00e9mie d\u2019\u00eatre les acteurs de la comp\u00e9tition de courts-m\u00e9trages de la 39\u00e8me \u00e9dition des Rencontres du cin\u00e9ma latino-am\u00e9ricain.<br \/>\n3 groupes d\u2019espagnol de premi\u00e8re du lyc\u00e9e ont pu voter pour la meilleure fiction, le meilleur documentaire et la meilleure animation. Les prix ont \u00e9t\u00e9 r\u00e9v\u00e9l\u00e9s lors de la c\u00e9r\u00e9monie de cl\u00f4ture du festival : le mardi 22 mars 2022.<br \/>\nLe groupe de premi\u00e8res euro a \u00e9galement particip\u00e9 \u00e0 la cr\u00e9ation de podcasts (interviews de r\u00e9alisateurs-trices, cr\u00e9ation de jingle, montage, son\u2026) pour les films de la cat\u00e9gorie documentaires.<\/p>\n<hr \/>\n<h2>COURT M\u00c9TRAGE 1<\/h2>\n<h3 style=\"text-align: center;\"><em>Elle<\/em>, Liliane Mutti et Daniela Ramalho<\/h3>\n<p><a href=\"https:\/\/lyceemauriac.fr\/wp-content\/uploads\/2022\/05\/cm1.jpg\"><img loading=\"lazy\" decoding=\"async\" class=\"aligncenter wp-image-9135\" src=\"https:\/\/lyceemauriac.fr\/wp-content\/uploads\/2022\/05\/cm1.jpg\" alt=\"\" width=\"324\" height=\"182\" srcset=\"https:\/\/lyceemauriac.fr\/wp-content\/uploads\/2022\/05\/cm1.jpg 624w, https:\/\/lyceemauriac.fr\/wp-content\/uploads\/2022\/05\/cm1-200x113.jpg 200w, https:\/\/lyceemauriac.fr\/wp-content\/uploads\/2022\/05\/cm1-370x208.jpg 370w\" sizes=\"auto, (max-width: 324px) 100vw, 324px\" \/><\/a><\/p>\n<p><strong>Synopsis\u00a0:<\/strong> Un an apr\u00e8s l\u2019assassinat de Marielle Franco, ses parents Ant\u00f4nio et Marinete Silvia se rendent \u00e0 Paris pour participer \u00e0 l\u2019inauguration du jardin qui porte le nom de leur fille. Depuis Paris, on entend Marielle, militante des causes f\u00e9ministes, noires et LGBTQI+, femme politique au Br\u00e9sil, sa voix r\u00e9sonne dans les rues et fait \u00e9cho aux voix de son p\u00e8re et de sa m\u00e8re. Elles portent un cri de douleur, de r\u00e9volte et d&rsquo;espoir. Trois ans apr\u00e8s l\u2019ex\u00e9cution de Marielle, son jardin continue \u00e0 traverser les saisons, alors que son meurtre reste sans r\u00e9ponse.<\/p>\n<p><strong>Lien vers le podcast:<\/strong><\/p>\n<p><iframe loading=\"lazy\" id=\"hearthis_at_track_6699632\" src=\"https:\/\/app.hearthis.at\/embed\/6699632\/transparent_black\/?hcolor=&amp;color=&amp;style=2&amp;block_size=2&amp;block_space=1&amp;background=1&amp;waveform=0&amp;cover=0&amp;autoplay=0&amp;css=\" width=\"100%\" height=\"150\" frameborder=\"0\" scrolling=\"no\">Listen to <a href=\"https:\/\/hearthis.at\/r39\/podcast-elle-final\/\" target=\"_blank\" rel=\"noopener\">Podcast Elle<\/a> <span>by<\/span><a href=\"https:\/\/hearthis.at\/r39\/\" target=\"_blank\" rel=\"noopener\">R39<\/a> <span>on<\/span> <a href=\"https:\/\/hearthis.at\/\" target=\"_blank\" rel=\"noopener\">hearthis.at<\/a>&nbsp;<\/p>\n<p>&nbsp;<\/p>\n<p><\/iframe><\/p>\n<hr \/>\n<h2>COURT M\u00c9TRAGE 2<\/h2>\n<p>&nbsp;<\/p>\n<h3 style=\"text-align: center;\"><em>Mara, el viaje de la elefanta,<\/em> Luciano Nacci<\/h3>\n<p><a href=\"https:\/\/lyceemauriac.fr\/wp-content\/uploads\/2022\/05\/cm2.jpg\"><img loading=\"lazy\" decoding=\"async\" class=\"aligncenter wp-image-9133\" src=\"https:\/\/lyceemauriac.fr\/wp-content\/uploads\/2022\/05\/cm2.jpg\" alt=\"\" width=\"359\" height=\"202\" srcset=\"https:\/\/lyceemauriac.fr\/wp-content\/uploads\/2022\/05\/cm2.jpg 641w, https:\/\/lyceemauriac.fr\/wp-content\/uploads\/2022\/05\/cm2-200x113.jpg 200w, https:\/\/lyceemauriac.fr\/wp-content\/uploads\/2022\/05\/cm2-370x208.jpg 370w\" sizes=\"auto, (max-width: 359px) 100vw, 359px\" \/><\/a><\/p>\n<p><strong>Synopsis:<\/strong> Un \u00e9l\u00e9phant n\u00e9 en captivit\u00e9 cherche \u00e0 atteindre quelque chose de semblable \u00e0 la libert\u00e9.<\/p>\n<p><strong>Lien vers le podcast:<\/strong><\/p>\n<p><iframe loading=\"lazy\" id=\"hearthis_at_track_6699731\" src=\"https:\/\/app.hearthis.at\/embed\/6699731\/transparent_black\/?hcolor=&amp;color=&amp;style=2&amp;block_size=2&amp;block_space=1&amp;background=1&amp;waveform=0&amp;cover=0&amp;autoplay=0&amp;css=\" width=\"100%\" height=\"150\" frameborder=\"0\" scrolling=\"no\">Listen to <a href=\"https:\/\/hearthis.at\/r39\/podcast-monte-groupe-mara\/\" target=\"_blank\" rel=\"noopener\">Podcast &#8211; Mara, el Viaje de la elefanta<\/a> <span>by<\/span><a href=\"https:\/\/hearthis.at\/r39\/\" target=\"_blank\" rel=\"noopener\">R39<\/a> <span>on<\/span> <a href=\"https:\/\/hearthis.at\/\" target=\"_blank\" rel=\"noopener\">hearthis.at<\/a>&nbsp;<\/p>\n<p>&nbsp;<\/p>\n<p><\/iframe><\/p>\n<hr \/>\n<h2>COURT M\u00c9TRAGE 3<\/h2>\n<h3 style=\"text-align: center;\"><em>Nuestros dias,<\/em> Natalia Segura<\/h3>\n<p><a href=\"https:\/\/lyceemauriac.fr\/wp-content\/uploads\/2022\/05\/cm3.jpg\"><img loading=\"lazy\" decoding=\"async\" class=\"aligncenter wp-image-9134\" src=\"https:\/\/lyceemauriac.fr\/wp-content\/uploads\/2022\/05\/cm3.jpg\" alt=\"\" width=\"156\" height=\"222\" srcset=\"https:\/\/lyceemauriac.fr\/wp-content\/uploads\/2022\/05\/cm3.jpg 317w, https:\/\/lyceemauriac.fr\/wp-content\/uploads\/2022\/05\/cm3-140x200.jpg 140w, https:\/\/lyceemauriac.fr\/wp-content\/uploads\/2022\/05\/cm3-175x250.jpg 175w\" sizes=\"auto, (max-width: 156px) 100vw, 156px\" \/><\/a><\/p>\n<p><strong>Synopsis (par la r\u00e9alisatrice)\u00a0:<\/strong> Leonor et Alejandro, ma grand-tante et mon grand-oncle ont \u00e9t\u00e9 ensemble pendant plus de 60 ans. De nombreux souvenirs d&rsquo;eux sont aussi les miens. En 2010, j&rsquo;ai d\u00e9cid\u00e9 de r\u00e9aliser un documentaire sur leur histoire d&rsquo;amour. Pour diverses raisons, la r\u00e9alisation s&rsquo;arr\u00eate. Le temps passe, Leonor d\u00e9c\u00e8de. Comment continuer mon documentaire ? Que se passe-t-il avec l&rsquo;amour ?<\/p>\n<p><strong>Lien vers le podcast :<\/strong><\/p>\n<p><iframe loading=\"lazy\" id=\"hearthis_at_track_6699834\" src=\"https:\/\/app.hearthis.at\/embed\/6699834\/transparent_black\/?hcolor=&amp;color=&amp;style=2&amp;block_size=2&amp;block_space=1&amp;background=1&amp;waveform=0&amp;cover=0&amp;autoplay=0&amp;css=\" width=\"100%\" height=\"150\" frameborder=\"0\" scrolling=\"no\">Listen to <a href=\"https:\/\/hearthis.at\/r39\/podcast-nuestros-dias-final\/\" target=\"_blank\" rel=\"noopener\">Podcast &#8211; Nuestros D\u00edas<\/a> <span>by<\/span><a href=\"https:\/\/hearthis.at\/r39\/\" target=\"_blank\" rel=\"noopener\">R39<\/a> <span>on<\/span> <a href=\"https:\/\/hearthis.at\/\" target=\"_blank\" rel=\"noopener\">hearthis.at<\/a>&nbsp;<\/p>\n<p>&nbsp;<\/p>\n<p><\/iframe><\/p>\n","protected":false},"excerpt":{"rendered":"<p>Pr\u00e9sentation L\u2019association France Am\u00e9rique Latine a propos\u00e9 \u00e0 des \u00e9l\u00e8ves de l\u2019acad\u00e9mie d\u2019\u00eatre les acteurs de la comp\u00e9tition de courts-m\u00e9trages de la 39\u00e8me \u00e9dition des Rencontres du cin\u00e9ma latino-am\u00e9ricain. 3 groupes d\u2019espagnol de premi\u00e8re du lyc\u00e9e ont pu voter pour la meilleure fiction, le meilleur documentaire et la meilleure animation. Les prix ont \u00e9t\u00e9 r\u00e9v\u00e9l\u00e9s [&hellip;]<\/p>\n","protected":false},"author":2,"featured_media":9140,"comment_status":"closed","ping_status":"open","sticky":false,"template":"","format":"standard","meta":{"footnotes":""},"categories":[1,59],"tags":[],"class_list":["post-9131","post","type-post","status-publish","format-standard","has-post-thumbnail","hentry","category-non-classe","category-espagnol"],"_links":{"self":[{"href":"https:\/\/lyceemauriac.fr\/index.php\/wp-json\/wp\/v2\/posts\/9131","targetHints":{"allow":["GET"]}}],"collection":[{"href":"https:\/\/lyceemauriac.fr\/index.php\/wp-json\/wp\/v2\/posts"}],"about":[{"href":"https:\/\/lyceemauriac.fr\/index.php\/wp-json\/wp\/v2\/types\/post"}],"author":[{"embeddable":true,"href":"https:\/\/lyceemauriac.fr\/index.php\/wp-json\/wp\/v2\/users\/2"}],"replies":[{"embeddable":true,"href":"https:\/\/lyceemauriac.fr\/index.php\/wp-json\/wp\/v2\/comments?post=9131"}],"version-history":[{"count":5,"href":"https:\/\/lyceemauriac.fr\/index.php\/wp-json\/wp\/v2\/posts\/9131\/revisions"}],"predecessor-version":[{"id":9139,"href":"https:\/\/lyceemauriac.fr\/index.php\/wp-json\/wp\/v2\/posts\/9131\/revisions\/9139"}],"wp:featuredmedia":[{"embeddable":true,"href":"https:\/\/lyceemauriac.fr\/index.php\/wp-json\/wp\/v2\/media\/9140"}],"wp:attachment":[{"href":"https:\/\/lyceemauriac.fr\/index.php\/wp-json\/wp\/v2\/media?parent=9131"}],"wp:term":[{"taxonomy":"category","embeddable":true,"href":"https:\/\/lyceemauriac.fr\/index.php\/wp-json\/wp\/v2\/categories?post=9131"},{"taxonomy":"post_tag","embeddable":true,"href":"https:\/\/lyceemauriac.fr\/index.php\/wp-json\/wp\/v2\/tags?post=9131"}],"curies":[{"name":"wp","href":"https:\/\/api.w.org\/{rel}","templated":true}]}}