{"id":9141,"date":"2022-05-03T10:30:48","date_gmt":"2022-05-03T08:30:48","guid":{"rendered":"https:\/\/lyceemauriac.fr\/?p=9141"},"modified":"2022-05-03T10:31:17","modified_gmt":"2022-05-03T08:31:17","slug":"tu-la-connais-la-chanson","status":"publish","type":"post","link":"https:\/\/lyceemauriac.fr\/index.php\/2022\/05\/03\/tu-la-connais-la-chanson\/","title":{"rendered":"\u00abTu la connais la chanson ?\u00bb"},"content":{"rendered":"<p>Ecoutez le podcast r\u00e9alis\u00e9 par nos \u00e9l\u00e8ves de Terminale dans le cadre des Cord\u00e9es de la R\u00e9ussite pour le concours Mollat : \u00abTu la connais la chanson ?\u00bb<\/p>\n<p>Une petite histoire des chants r\u00e9volutionnaires, de l&rsquo;effacement de leur sens, de l&rsquo;antifascisme, de la clameur de la foule, en France, Italie et Chili notamment.<\/p>\n<p>&nbsp;<\/p>\n<p><iframe loading=\"lazy\" width=\"100%\" height=\"166\" scrolling=\"no\" frameborder=\"no\" allow=\"autoplay\" src=\"https:\/\/w.soundcloud.com\/player\/?url=https%3A\/\/api.soundcloud.com\/tracks\/1260958642&#038;color=%23ff5500&#038;auto_play=false&#038;hide_related=false&#038;show_comments=true&#038;show_user=true&#038;show_reposts=false&#038;show_teaser=true\"><\/iframe><\/p>\n<div style=\"font-size: 10px; color: #cccccc;line-break: anywhere;word-break: normal;overflow: hidden;white-space: nowrap;text-overflow: ellipsis; font-family: Interstate,Lucida Grande,Lucida Sans Unicode,Lucida Sans,Garuda,Verdana,Tahoma,sans-serif;font-weight: 100;\"><a href=\"https:\/\/soundcloud.com\/user-926503346\" title=\"Lyc\u00e9e F.Mauriac - Bdx\" target=\"_blank\" style=\"color: #cccccc; text-decoration: none;\" rel=\"noopener\">Lyc\u00e9e F.Mauriac &#8211; Bdx<\/a> \u00b7 <a href=\"https:\/\/soundcloud.com\/user-926503346\/lycee-mauriac-tles-tu-la-connais-la-chanson\" title=\"Lyc\u00e9e Mauriac - Tles - Tu La Connais La Chanson\" target=\"_blank\" style=\"color: #cccccc; text-decoration: none;\" rel=\"noopener\">Lyc\u00e9e Mauriac &#8211; Tles &#8211; Tu La Connais La Chanson<\/a><\/div>\n","protected":false},"excerpt":{"rendered":"<p>Ecoutez le podcast r\u00e9alis\u00e9 par nos \u00e9l\u00e8ves de Terminale dans le cadre des Cord\u00e9es de la R\u00e9ussite pour le concours Mollat : \u00abTu la connais la chanson ?\u00bb Une petite histoire des chants r\u00e9volutionnaires, de l&rsquo;effacement de leur sens, de l&rsquo;antifascisme, de la clameur de la foule, en France, Italie et Chili notamment. &nbsp; Lyc\u00e9e [&hellip;]<\/p>\n","protected":false},"author":2,"featured_media":9143,"comment_status":"closed","ping_status":"open","sticky":false,"template":"","format":"standard","meta":{"footnotes":""},"categories":[21,7],"tags":[],"class_list":["post-9141","post","type-post","status-publish","format-standard","has-post-thumbnail","hentry","category-culture","category-formations"],"_links":{"self":[{"href":"https:\/\/lyceemauriac.fr\/index.php\/wp-json\/wp\/v2\/posts\/9141","targetHints":{"allow":["GET"]}}],"collection":[{"href":"https:\/\/lyceemauriac.fr\/index.php\/wp-json\/wp\/v2\/posts"}],"about":[{"href":"https:\/\/lyceemauriac.fr\/index.php\/wp-json\/wp\/v2\/types\/post"}],"author":[{"embeddable":true,"href":"https:\/\/lyceemauriac.fr\/index.php\/wp-json\/wp\/v2\/users\/2"}],"replies":[{"embeddable":true,"href":"https:\/\/lyceemauriac.fr\/index.php\/wp-json\/wp\/v2\/comments?post=9141"}],"version-history":[{"count":2,"href":"https:\/\/lyceemauriac.fr\/index.php\/wp-json\/wp\/v2\/posts\/9141\/revisions"}],"predecessor-version":[{"id":9144,"href":"https:\/\/lyceemauriac.fr\/index.php\/wp-json\/wp\/v2\/posts\/9141\/revisions\/9144"}],"wp:featuredmedia":[{"embeddable":true,"href":"https:\/\/lyceemauriac.fr\/index.php\/wp-json\/wp\/v2\/media\/9143"}],"wp:attachment":[{"href":"https:\/\/lyceemauriac.fr\/index.php\/wp-json\/wp\/v2\/media?parent=9141"}],"wp:term":[{"taxonomy":"category","embeddable":true,"href":"https:\/\/lyceemauriac.fr\/index.php\/wp-json\/wp\/v2\/categories?post=9141"},{"taxonomy":"post_tag","embeddable":true,"href":"https:\/\/lyceemauriac.fr\/index.php\/wp-json\/wp\/v2\/tags?post=9141"}],"curies":[{"name":"wp","href":"https:\/\/api.w.org\/{rel}","templated":true}]}}