{"id":9180,"date":"2022-05-13T11:46:18","date_gmt":"2022-05-13T09:46:18","guid":{"rendered":"https:\/\/lyceemauriac.fr\/?p=9180"},"modified":"2022-05-13T11:48:54","modified_gmt":"2022-05-13T09:48:54","slug":"le-spationaute-jean-francois-clervoy-en-conference-au-lycee","status":"publish","type":"post","link":"https:\/\/lyceemauriac.fr\/index.php\/2022\/05\/13\/le-spationaute-jean-francois-clervoy-en-conference-au-lycee\/","title":{"rendered":"Le spationaute Jean-Fran\u00e7ois Clervoy en conf\u00e9rence au lyc\u00e9e"},"content":{"rendered":"<p>Le spationaute <a href=\"https:\/\/fr.wikipedia.org\/wiki\/Jean-Fran%C3%A7ois_Clervoy\">Jean-Fran\u00e7ois Clervoy<\/a> nous fait l&rsquo;honneur de venir pr\u00e9senter une conf\u00e9rence devant nos \u00e9l\u00e8ves <strong>jeudi 19 mai de 10h \u00e0 12h en salle polyvalente.<\/strong><\/p>\n<p>Il rencontrera, entre autres, des \u00e9l\u00e8ves de Premi\u00e8re de HGGSP et de NSI.<\/p>\n","protected":false},"excerpt":{"rendered":"<p>Le spationaute Jean-Fran\u00e7ois Clervoy nous fait l&rsquo;honneur de venir pr\u00e9senter une conf\u00e9rence devant nos \u00e9l\u00e8ves jeudi 19 mai de 10h \u00e0 12h en salle polyvalente. Il rencontrera, entre autres, des \u00e9l\u00e8ves de Premi\u00e8re de HGGSP et de NSI.<\/p>\n","protected":false},"author":2,"featured_media":9181,"comment_status":"closed","ping_status":"open","sticky":false,"template":"","format":"standard","meta":{"footnotes":""},"categories":[21],"tags":[],"class_list":["post-9180","post","type-post","status-publish","format-standard","has-post-thumbnail","hentry","category-culture"],"_links":{"self":[{"href":"https:\/\/lyceemauriac.fr\/index.php\/wp-json\/wp\/v2\/posts\/9180","targetHints":{"allow":["GET"]}}],"collection":[{"href":"https:\/\/lyceemauriac.fr\/index.php\/wp-json\/wp\/v2\/posts"}],"about":[{"href":"https:\/\/lyceemauriac.fr\/index.php\/wp-json\/wp\/v2\/types\/post"}],"author":[{"embeddable":true,"href":"https:\/\/lyceemauriac.fr\/index.php\/wp-json\/wp\/v2\/users\/2"}],"replies":[{"embeddable":true,"href":"https:\/\/lyceemauriac.fr\/index.php\/wp-json\/wp\/v2\/comments?post=9180"}],"version-history":[{"count":3,"href":"https:\/\/lyceemauriac.fr\/index.php\/wp-json\/wp\/v2\/posts\/9180\/revisions"}],"predecessor-version":[{"id":9184,"href":"https:\/\/lyceemauriac.fr\/index.php\/wp-json\/wp\/v2\/posts\/9180\/revisions\/9184"}],"wp:featuredmedia":[{"embeddable":true,"href":"https:\/\/lyceemauriac.fr\/index.php\/wp-json\/wp\/v2\/media\/9181"}],"wp:attachment":[{"href":"https:\/\/lyceemauriac.fr\/index.php\/wp-json\/wp\/v2\/media?parent=9180"}],"wp:term":[{"taxonomy":"category","embeddable":true,"href":"https:\/\/lyceemauriac.fr\/index.php\/wp-json\/wp\/v2\/categories?post=9180"},{"taxonomy":"post_tag","embeddable":true,"href":"https:\/\/lyceemauriac.fr\/index.php\/wp-json\/wp\/v2\/tags?post=9180"}],"curies":[{"name":"wp","href":"https:\/\/api.w.org\/{rel}","templated":true}]}}