{"id":9317,"date":"2022-06-05T15:02:42","date_gmt":"2022-06-05T13:02:42","guid":{"rendered":"https:\/\/lyceemauriac.fr\/?p=9317"},"modified":"2022-06-05T15:02:42","modified_gmt":"2022-06-05T13:02:42","slug":"la-sortie-aux-cretes-diparla-en-video","status":"publish","type":"post","link":"https:\/\/lyceemauriac.fr\/index.php\/2022\/06\/05\/la-sortie-aux-cretes-diparla-en-video\/","title":{"rendered":"La Sortie aux cr\u00eates d&rsquo;Iparla en Vid\u00e9o"},"content":{"rendered":"<p>La sortie de l&rsquo;AS aux cr\u00eates d&rsquo;Iparla en vid\u00e9o<\/p>\n<p><iframe loading=\"lazy\" title=\"Association Sportive Lyc\u00e9e Mauriac - WE Pays Basque - Mai 2022\" width=\"640\" height=\"360\" src=\"https:\/\/www.youtube.com\/embed\/v-vAhRdv-5I?feature=oembed\" frameborder=\"0\" allow=\"accelerometer; autoplay; clipboard-write; encrypted-media; gyroscope; picture-in-picture; web-share\" referrerpolicy=\"strict-origin-when-cross-origin\" allowfullscreen><\/iframe><\/p>\n","protected":false},"excerpt":{"rendered":"<p>La sortie de l&rsquo;AS aux cr\u00eates d&rsquo;Iparla en vid\u00e9o<\/p>\n","protected":false},"author":46,"featured_media":9202,"comment_status":"closed","ping_status":"open","sticky":false,"template":"","format":"standard","meta":{"footnotes":""},"categories":[1],"tags":[],"class_list":["post-9317","post","type-post","status-publish","format-standard","has-post-thumbnail","hentry","category-non-classe"],"_links":{"self":[{"href":"https:\/\/lyceemauriac.fr\/index.php\/wp-json\/wp\/v2\/posts\/9317","targetHints":{"allow":["GET"]}}],"collection":[{"href":"https:\/\/lyceemauriac.fr\/index.php\/wp-json\/wp\/v2\/posts"}],"about":[{"href":"https:\/\/lyceemauriac.fr\/index.php\/wp-json\/wp\/v2\/types\/post"}],"author":[{"embeddable":true,"href":"https:\/\/lyceemauriac.fr\/index.php\/wp-json\/wp\/v2\/users\/46"}],"replies":[{"embeddable":true,"href":"https:\/\/lyceemauriac.fr\/index.php\/wp-json\/wp\/v2\/comments?post=9317"}],"version-history":[{"count":1,"href":"https:\/\/lyceemauriac.fr\/index.php\/wp-json\/wp\/v2\/posts\/9317\/revisions"}],"predecessor-version":[{"id":9318,"href":"https:\/\/lyceemauriac.fr\/index.php\/wp-json\/wp\/v2\/posts\/9317\/revisions\/9318"}],"wp:featuredmedia":[{"embeddable":true,"href":"https:\/\/lyceemauriac.fr\/index.php\/wp-json\/wp\/v2\/media\/9202"}],"wp:attachment":[{"href":"https:\/\/lyceemauriac.fr\/index.php\/wp-json\/wp\/v2\/media?parent=9317"}],"wp:term":[{"taxonomy":"category","embeddable":true,"href":"https:\/\/lyceemauriac.fr\/index.php\/wp-json\/wp\/v2\/categories?post=9317"},{"taxonomy":"post_tag","embeddable":true,"href":"https:\/\/lyceemauriac.fr\/index.php\/wp-json\/wp\/v2\/tags?post=9317"}],"curies":[{"name":"wp","href":"https:\/\/api.w.org\/{rel}","templated":true}]}}