{"id":9437,"date":"2022-08-22T19:09:36","date_gmt":"2022-08-22T17:09:36","guid":{"rendered":"https:\/\/lyceemauriac.fr\/?p=9437"},"modified":"2022-08-29T10:06:10","modified_gmt":"2022-08-29T08:06:10","slug":"tout-savoir-sur-la-rentree","status":"publish","type":"post","link":"https:\/\/lyceemauriac.fr\/index.php\/2022\/08\/22\/tout-savoir-sur-la-rentree\/","title":{"rendered":"Tout savoir sur la rentr\u00e9e des \u00e9l\u00e8ves"},"content":{"rendered":"<h3>&#x25b6; \u00c9l\u00e8ves de Seconde<\/h3>\n<p>Comme indiqu\u00e9 dans <a href=\"https:\/\/lyceemauriac.fr\/wp-content\/uploads\/2022\/06\/mot-de-la-proviseure-entree-de-2GT.pdf\" class=\"mtli_attachment mtli_pdf\" target=\"_blank\" rel=\"noopener\">la lettre de Mme la Proviseure<\/a>, la rentr\u00e9e des \u00e9l\u00e8ves de Seconde se d\u00e9roulera selon la r\u00e9partition suivante :<\/p>\n<ul>\n<li><strong>Jeudi 01 Septembre de 08h00 \u00e0 16h30<\/strong> : \u00e9l\u00e8ves des classes de 201 \u00e0 208.<\/li>\n<li><strong>Vendredi 02 Septembre<\/strong> <strong>de 08h00 \u00e0 16h30<\/strong> : \u00e9l\u00e8ves des classes de 209 \u00e0 215.<\/li>\n<\/ul>\n<p>Nous rappelons aux \u00e9l\u00e8ves (voir le document cit\u00e9 plus haut) que cette journ\u00e9e sera consacr\u00e9e \u00e0 la d\u00e9couverte du lyc\u00e9e, des enseignants et des camarades de classe, \u00e0 travers de multiples ateliers. Un pique-nique sera offert par l&rsquo;\u00e9tablissement. Pr\u00e9voir des baskets (pour l&rsquo;atelier sportif), de quoi prendre des notes et un grand sac pour rapporter les manuels scolaires.<\/p>\n<p><span style=\"color: #000000;\">La composition des classes de Seconde est disponible<span style=\"color: #000080;\"><a style=\"color: #000080;\" href=\"https:\/\/lyceemauriac.fr\/index.php\/2022\/08\/29\/composition-des-classes-de-seconde\/\"> ici<\/a><\/span>.<\/span><\/p>\n<ul>\n<li>D\u00e9but des cours suivant l&#8217;emploi du temps de la classe : <strong>Mardi 06 Septembre<\/strong>.<\/li>\n<\/ul>\n<p>&nbsp;<\/p>\n<h3>&#x25b6;\u00a0\u00c9l\u00e8ves de Premi\u00e8re<\/h3>\n<ul>\n<li>Rentr\u00e9e le<strong> Lundi 05 Septembre<\/strong> <strong>de 08h00 \u00e0 12h30<\/strong>.<\/li>\n<li>D\u00e9but des cours suivant l&#8217;emploi du temps de la classe : <strong>Mardi 06 Septembre<\/strong>.<\/li>\n<\/ul>\n<p>&nbsp;<\/p>\n<h3>&#x25b6; \u00c9l\u00e8ves de Terminale<\/h3>\n<ul>\n<li>Rentr\u00e9e le<strong> Lundi 05 Septembre<\/strong> <strong>de 13h30 \u00e0 17h30<\/strong>.<\/li>\n<li>D\u00e9but des cours suivant l&#8217;emploi du temps de la classe : <strong>Mardi 06 Septembre<\/strong>.<\/li>\n<\/ul>\n<p>&nbsp;<\/p>\n<h3>&#x25b6;\u00a0 \u00c9l\u00e8ves de BTS (hors apprentissage)<\/h3>\n<ul>\n<li><strong>Lundi 05 Septembre<\/strong> <strong>de 10h00 \u00e0 12h00 <\/strong>: \u00e9l\u00e8ves de BTS 1\u00e8re ann\u00e9e (CG1 et NDRC1)<\/li>\n<li><strong>Lundi 05 Septembre<\/strong> <strong>de 14h00 \u00e0 16h00 <\/strong>: \u00e9l\u00e8ves de BTS 2\u00e8me ann\u00e9e (CG2 et NDRC2)<\/li>\n<li>D\u00e9but des cours suivant l&#8217;emploi du temps de la classe : <strong>Mardi 06 Septembre<\/strong>.<\/li>\n<\/ul>\n<p>&nbsp;<\/p>\n<h3>&#x25b6; \u00c9l\u00e8ves de BTS CG1A\u00a0 (apprentissage, 1\u00e8re ann\u00e9e)<\/h3>\n<ul>\n<li>Rentr\u00e9e le <strong>Vendredi 02 Septembre<\/strong> <strong>de 10h00 \u00e0 12h00.<\/strong><\/li>\n<li>D\u00e9but des cours :\u00a0<strong>Lundi 05 Septembre<\/strong> \u00e0<strong> 08h00.<\/strong><\/li>\n<\/ul>\n<p>&nbsp;<\/p>\n<h3>&#x25b6; \u00c9l\u00e8ves de BTS CG2A\u00a0 (apprentissage, 2\u00e8me ann\u00e9e)<\/h3>\n<ul>\n<li>Rentr\u00e9e le <strong>Vendredi 02 Septembre<\/strong> <strong>de 14h00 \u00e0 16h00.<\/strong><\/li>\n<li>D\u00e9but des cours :\u00a0<strong>Lundi 12 Septembre<\/strong> \u00e0<strong> 08h00.<\/strong><\/li>\n<\/ul>\n<p>&nbsp;<\/p>\n<p>Bonne fin de vacances et bonne reprise \u00e0 toutes et \u00e0 tous.<\/p>\n<p>&nbsp;<\/p>\n","protected":false},"excerpt":{"rendered":"<p>&#x25b6; \u00c9l\u00e8ves de Seconde Comme indiqu\u00e9 dans la lettre de Mme la Proviseure, la rentr\u00e9e des \u00e9l\u00e8ves de Seconde se d\u00e9roulera selon la r\u00e9partition suivante : Jeudi 01 Septembre de 08h00 \u00e0 16h30 : \u00e9l\u00e8ves des classes de 201 \u00e0 208. Vendredi 02 Septembre de 08h00 \u00e0 16h30 : \u00e9l\u00e8ves des classes de 209 \u00e0 [&hellip;]<\/p>\n","protected":false},"author":2,"featured_media":9448,"comment_status":"closed","ping_status":"open","sticky":false,"template":"","format":"standard","meta":{"footnotes":""},"categories":[2,39],"tags":[],"class_list":["post-9437","post","type-post","status-publish","format-standard","has-post-thumbnail","hentry","category-administration","category-zbandeau"],"_links":{"self":[{"href":"https:\/\/lyceemauriac.fr\/index.php\/wp-json\/wp\/v2\/posts\/9437","targetHints":{"allow":["GET"]}}],"collection":[{"href":"https:\/\/lyceemauriac.fr\/index.php\/wp-json\/wp\/v2\/posts"}],"about":[{"href":"https:\/\/lyceemauriac.fr\/index.php\/wp-json\/wp\/v2\/types\/post"}],"author":[{"embeddable":true,"href":"https:\/\/lyceemauriac.fr\/index.php\/wp-json\/wp\/v2\/users\/2"}],"replies":[{"embeddable":true,"href":"https:\/\/lyceemauriac.fr\/index.php\/wp-json\/wp\/v2\/comments?post=9437"}],"version-history":[{"count":15,"href":"https:\/\/lyceemauriac.fr\/index.php\/wp-json\/wp\/v2\/posts\/9437\/revisions"}],"predecessor-version":[{"id":9464,"href":"https:\/\/lyceemauriac.fr\/index.php\/wp-json\/wp\/v2\/posts\/9437\/revisions\/9464"}],"wp:featuredmedia":[{"embeddable":true,"href":"https:\/\/lyceemauriac.fr\/index.php\/wp-json\/wp\/v2\/media\/9448"}],"wp:attachment":[{"href":"https:\/\/lyceemauriac.fr\/index.php\/wp-json\/wp\/v2\/media?parent=9437"}],"wp:term":[{"taxonomy":"category","embeddable":true,"href":"https:\/\/lyceemauriac.fr\/index.php\/wp-json\/wp\/v2\/categories?post=9437"},{"taxonomy":"post_tag","embeddable":true,"href":"https:\/\/lyceemauriac.fr\/index.php\/wp-json\/wp\/v2\/tags?post=9437"}],"curies":[{"name":"wp","href":"https:\/\/api.w.org\/{rel}","templated":true}]}}