{"id":9454,"date":"2022-08-29T09:00:15","date_gmt":"2022-08-29T07:00:15","guid":{"rendered":"https:\/\/lyceemauriac.fr\/?p=9454"},"modified":"2022-08-28T21:22:25","modified_gmt":"2022-08-28T19:22:25","slug":"composition-des-classes-de-seconde","status":"publish","type":"post","link":"https:\/\/lyceemauriac.fr\/index.php\/2022\/08\/29\/composition-des-classes-de-seconde\/","title":{"rendered":"Composition des classes de Seconde"},"content":{"rendered":"<p>Vous trouverez \u00e0 l&rsquo;adresse ci-dessous la liste des classes de Seconde pour l&rsquo;ann\u00e9e scolaire 2022-2023.<\/p>\n<p><a href=\"https:\/\/lyceemauriac.fr\/classes_2022_2023\/liste.html\">https:\/\/lyceemauriac.fr\/classes_2022_2023\/liste.html<\/a><\/p>\n<p>Nous vous <a href=\"https:\/\/lyceemauriac.fr\/index.php\/2022\/08\/22\/tout-savoir-sur-la-rentree\/\" target=\"_blank\" rel=\"noopener\">rappelons<\/a> que la rentr\u00e9e des \u00e9l\u00e8ves de Seconde aura lieu sur <strong>deux jours diff\u00e9rents<\/strong> :<\/p>\n<ul>\n<li>Les \u00e9l\u00e8ves des classes de <strong>201 \u00e0 208<\/strong> rentreront le <strong>Jeudi 01 Septembre<\/strong> de 08h00 \u00e0 16h30.<\/li>\n<li>Les \u00e9l\u00e8ves des classes de <strong>209 \u00e0 215<\/strong> rentreront le <strong>Vendredi 02 Septembre<\/strong> de 08h00 \u00e0 16h30.<\/li>\n<\/ul>\n<p>&nbsp;<\/p>\n<p><strong>Remarques :<\/strong><\/p>\n<ul>\n<li>Les \u00e9l\u00e8ves inscrits tr\u00e8s r\u00e9cemment n&rsquo;apparaissent peut-\u00eatre pas encore : cette liste sera mise \u00e0 jour.<\/li>\n<li>Compte tenu de la complexit\u00e9 de r\u00e9alisation des emplois du temps en lien avec la diversit\u00e9 de l&rsquo;offre de formation du lyc\u00e9e,\u00a0<b>aucun changement de classe ou abandon d&rsquo;option ne sera accord\u00e9.<\/b>\u00a0Il est donc inutile de solliciter les services de scolarit\u00e9 \u00e0 ce sujet.<\/li>\n<\/ul>\n<p>&nbsp;<\/p>\n","protected":false},"excerpt":{"rendered":"<p>Vous trouverez \u00e0 l&rsquo;adresse ci-dessous la liste des classes de Seconde pour l&rsquo;ann\u00e9e scolaire 2022-2023. https:\/\/lyceemauriac.fr\/classes_2022_2023\/liste.html Nous vous rappelons que la rentr\u00e9e des \u00e9l\u00e8ves de Seconde aura lieu sur deux jours diff\u00e9rents : Les \u00e9l\u00e8ves des classes de 201 \u00e0 208 rentreront le Jeudi 01 Septembre de 08h00 \u00e0 16h30. Les \u00e9l\u00e8ves des classes de [&hellip;]<\/p>\n","protected":false},"author":2,"featured_media":9456,"comment_status":"closed","ping_status":"open","sticky":false,"template":"","format":"standard","meta":{"footnotes":""},"categories":[2,39],"tags":[],"class_list":["post-9454","post","type-post","status-publish","format-standard","has-post-thumbnail","hentry","category-administration","category-zbandeau"],"_links":{"self":[{"href":"https:\/\/lyceemauriac.fr\/index.php\/wp-json\/wp\/v2\/posts\/9454","targetHints":{"allow":["GET"]}}],"collection":[{"href":"https:\/\/lyceemauriac.fr\/index.php\/wp-json\/wp\/v2\/posts"}],"about":[{"href":"https:\/\/lyceemauriac.fr\/index.php\/wp-json\/wp\/v2\/types\/post"}],"author":[{"embeddable":true,"href":"https:\/\/lyceemauriac.fr\/index.php\/wp-json\/wp\/v2\/users\/2"}],"replies":[{"embeddable":true,"href":"https:\/\/lyceemauriac.fr\/index.php\/wp-json\/wp\/v2\/comments?post=9454"}],"version-history":[{"count":7,"href":"https:\/\/lyceemauriac.fr\/index.php\/wp-json\/wp\/v2\/posts\/9454\/revisions"}],"predecessor-version":[{"id":9463,"href":"https:\/\/lyceemauriac.fr\/index.php\/wp-json\/wp\/v2\/posts\/9454\/revisions\/9463"}],"wp:featuredmedia":[{"embeddable":true,"href":"https:\/\/lyceemauriac.fr\/index.php\/wp-json\/wp\/v2\/media\/9456"}],"wp:attachment":[{"href":"https:\/\/lyceemauriac.fr\/index.php\/wp-json\/wp\/v2\/media?parent=9454"}],"wp:term":[{"taxonomy":"category","embeddable":true,"href":"https:\/\/lyceemauriac.fr\/index.php\/wp-json\/wp\/v2\/categories?post=9454"},{"taxonomy":"post_tag","embeddable":true,"href":"https:\/\/lyceemauriac.fr\/index.php\/wp-json\/wp\/v2\/tags?post=9454"}],"curies":[{"name":"wp","href":"https:\/\/api.w.org\/{rel}","templated":true}]}}